{"id":1420,"date":"2021-01-09T18:15:00","date_gmt":"2021-01-09T17:15:00","guid":{"rendered":"https:\/\/www.buergerliste-linsengericht.de\/?p=1420"},"modified":"2021-01-31T19:39:13","modified_gmt":"2021-01-31T18:39:13","slug":"fritz-weimar-aus-eidengesaess-feierte-80-geburtstag","status":"publish","type":"post","link":"https:\/\/www.buergerliste-linsengericht.de\/index.php\/2021\/01\/09\/fritz-weimar-aus-eidengesaess-feierte-80-geburtstag\/","title":{"rendered":"Fritz Weimar aus Eidenges\u00e4\u00df feierte 80. Geburtstag"},"content":{"rendered":"<p>Am 08. Jan. 2021 feierte Fritz Weimar in Linsengericht-Eidenges\u00e4\u00df seinen 80. Geburtstag. Aus diesem Anlass gratulierte der Vorsitzende der B\u00fcrgerliste\/FWG Linsengericht, Heinz Breitenbach, dem Jubilar recht herzlich. Als Geschenk \u00fcberreichte er einen Pr\u00e4sentkorb mit regionalen Produkten.<\/p>\n<p>Fritz Weimar geh\u00f6rt der B\u00fcrgerliste\/FWG Linsengericht seit \u00fcber 30 Jahren an. In den 90-er Jahren des vergangenen Jahrhunderts war er drei Wahlperioden im Ortsbeirat Eidenges\u00e4\u00df f\u00fcr die B\u00fcrgerliste t\u00e4tig. Noch heute nimmt der r\u00fcstige Rentner an den Veranstaltungen der Freien W\u00e4hler in Linsengericht aktiv teil.<\/p>\n<p>Daneben gilt sein Interesse dem Obst- und Gartenbauverein Eidenges\u00e4\u00df. \u00dcber 20 Jahre bekleidete der Jubilar das Amt des 1. Kassierers. Bei der Pflege des Vereinsgel\u00e4ndes am Wingertsweg ist er bis heute im Einsatz.<\/p>\n<p><img loading=\"lazy\" decoding=\"async\" class=\"alignnone wp-image-1421 size-medium\" src=\"https:\/\/www.buergerliste-linsengericht.de\/wp-content\/uploads\/2021\/01\/Fritz-Weimar-08.01.2021-1--300x225.jpg\" alt=\"\" width=\"300\" height=\"225\" \/><\/p>\n<p>von links: Fritz Weimar und Heinz Breitenbach<\/p>\n","protected":false},"excerpt":{"rendered":"<p>Am 08. Jan. 2021 feierte Fritz Weimar in Linsengericht-Eidenges\u00e4\u00df seinen 80. Geburtstag. Aus diesem Anlass gratulierte der Vorsitzende der B\u00fcrgerliste\/FWG Linsengericht, Heinz Breitenbach, dem Jubilar recht herzlich. Als Geschenk \u00fcberreichte er einen Pr\u00e4sentkorb mit regionalen Produkten. Fritz Weimar geh\u00f6rt der B\u00fcrgerliste\/FWG Linsengericht seit \u00fcber 30 Jahren an. In den 90-er Jahren des vergangenen Jahrhunderts war [&hellip;]<\/p>\n","protected":false},"author":3,"featured_media":1421,"comment_status":"closed","ping_status":"closed","sticky":false,"template":"","format":"standard","meta":{"_et_pb_use_builder":"off","_et_pb_old_content":"Nach der vorletzten Gemeindevertretersitzung im Jahr 2020 hat die B\u00fcrgerliste \/ Freie W\u00e4hlergemeinschaft ihre Wahlkampfaktivit\u00e4ten f\u00fcr die Kommunalwahl am 14. M\u00e4rz 2021 begonnen: \u201eUnser Wahlausschuss hat gemeinsam mit den Freien W\u00e4hlern Main-Kinzig f\u00fcr die gesamte Gemeinde Linsengericht einheitliche Brosch\u00fcren und einheitliche Aufrufe, sich kommunalpolitisch zu engagieren, \u00a0entworfen, die derzeit in allen Linsengerichter Ortsteilen von flei\u00dfigen Helferinnen und Helfern verteilt werden oder schon verteilt wurden\u201c, so Vorsitzender Heinz Breitenbach.\n\n\u201eW\u00e4hrend in dieser Brosch\u00fcre die inhaltlichen Schwerpunkte auf die erreichten Ziele und einige aktuelle Themen gelegt wurden, wird es vor der Wahl nat\u00fcrlich auch noch eine weitere Publikation geben,\u00a0 in der die heimischen Kandidatinnen und Kandidaten f\u00fcr die Ortsbeir\u00e4te, die Gemeindevertretung und den Kreistag des Main-Kinzig-Kreises, sowie die Wahlziele der Freien W\u00e4hler auf Gemeinde- und Kreisebene vorgestellt werden\u201c, erg\u00e4nzt B\u00fcrgerlisten-Pressewart Sebastian Dein.\n\nBesonders wies BGL-Vorsitzender Heinz Breitenbach noch einmal auf die Jahreshauptversammlung der B\u00fcrgerliste\/FWG Linsengericht am Freitag, den 27. November ab 19.00 Uhr im B\u00fcrgersaal Eidenges\u00e4\u00df hin, in der eben jene Kandidatinnen und Kandidaten benannt werden sollen:\n\n\u201eNeben den \u00fcblichen Tagesordnungspunkten einer Jahreshauptversammlung, f\u00fcr die erstmals ein entsprechendes Hygienekonzept notwendig wurde, stehen hier nat\u00fcrlich die Vorstellung und die Wahlen der Bewerberinnen und Bewerber f\u00fcr die Gemeindevertretung Linsengericht und die Ortsbeir\u00e4te Altenha\u00dflau, Eidenges\u00e4\u00df, Geislitz, Gro\u00dfenhausen und L\u00fctzelhausen auf dem Programm, weshalb ich auch noch einmal alle unsere Mitglieder herzlich zur Teilnahme einlade\u201c, so Breitenbach abschlie\u00dfend.\n\n<img class=\"alignnone wp-image-715 size-medium\" src=\"https:\/\/www.buergerliste-linsengericht.de\/wp-content\/uploads\/2020\/01\/20180204-296x300.jpg\" alt=\"\" width=\"296\" height=\"300\" \/>","_et_gb_content_width":"","footnotes":""},"categories":[16],"tags":[],"class_list":["post-1420","post","type-post","status-publish","format-standard","has-post-thumbnail","hentry","category-presse-2021"],"_links":{"self":[{"href":"https:\/\/www.buergerliste-linsengericht.de\/index.php\/wp-json\/wp\/v2\/posts\/1420","targetHints":{"allow":["GET"]}}],"collection":[{"href":"https:\/\/www.buergerliste-linsengericht.de\/index.php\/wp-json\/wp\/v2\/posts"}],"about":[{"href":"https:\/\/www.buergerliste-linsengericht.de\/index.php\/wp-json\/wp\/v2\/types\/post"}],"author":[{"embeddable":true,"href":"https:\/\/www.buergerliste-linsengericht.de\/index.php\/wp-json\/wp\/v2\/users\/3"}],"replies":[{"embeddable":true,"href":"https:\/\/www.buergerliste-linsengericht.de\/index.php\/wp-json\/wp\/v2\/comments?post=1420"}],"version-history":[{"count":1,"href":"https:\/\/www.buergerliste-linsengericht.de\/index.php\/wp-json\/wp\/v2\/posts\/1420\/revisions"}],"predecessor-version":[{"id":1422,"href":"https:\/\/www.buergerliste-linsengericht.de\/index.php\/wp-json\/wp\/v2\/posts\/1420\/revisions\/1422"}],"wp:featuredmedia":[{"embeddable":true,"href":"https:\/\/www.buergerliste-linsengericht.de\/index.php\/wp-json\/wp\/v2\/media\/1421"}],"wp:attachment":[{"href":"https:\/\/www.buergerliste-linsengericht.de\/index.php\/wp-json\/wp\/v2\/media?parent=1420"}],"wp:term":[{"taxonomy":"category","embeddable":true,"href":"https:\/\/www.buergerliste-linsengericht.de\/index.php\/wp-json\/wp\/v2\/categories?post=1420"},{"taxonomy":"post_tag","embeddable":true,"href":"https:\/\/www.buergerliste-linsengericht.de\/index.php\/wp-json\/wp\/v2\/tags?post=1420"}],"curies":[{"name":"wp","href":"https:\/\/api.w.org\/{rel}","templated":true}]}}