{"id":1379,"date":"2020-12-07T07:02:14","date_gmt":"2020-12-07T06:02:14","guid":{"rendered":"https:\/\/www.buergerliste-linsengericht.de\/?p=1379"},"modified":"2020-12-07T07:02:16","modified_gmt":"2020-12-07T06:02:16","slug":"buergerliste-freie-waehlergemeinschaft-linsengericht-will-heimischen-einzelhandel-unterstuetzen","status":"publish","type":"post","link":"https:\/\/www.buergerliste-linsengericht.de\/index.php\/2020\/12\/07\/buergerliste-freie-waehlergemeinschaft-linsengericht-will-heimischen-einzelhandel-unterstuetzen\/","title":{"rendered":"B\u00fcrgerliste \/ Freie W\u00e4hlergemeinschaft Linsengericht will heimischen Einzelhandel unterst\u00fctzen"},"content":{"rendered":"<p>F\u00fcr die Haushaltsberatungen 2021 in der Gemeindevertretersitzung am Mittwoch hat die B\u00fcrgerliste \/ Freie W\u00e4hlergemeinschaft beantragt, f\u00fcr das Jahr 2022 Finanzmittel in H\u00f6he von 3.600 \u20ac f\u00fcr den Beitritt zur Online-Plattform \u201eUnsere Stadt r\u00fcckt zusammen\u201c bereitzustellen. Nach einem kostenfreien ersten Jahr w\u00e4ren dies die Jahreskosten f\u00fcr das zweite Mitgliedsjahr bei der Plattform.<\/p>\n<p>Wie der Initiator und Gemeindevertreter Ruben Hundhausen sagte, sollte \u201edie bereits in Gelnhausen vor einigen Monaten entwickelte und bereits umgesetzte Idee \u201eUnsere Stadt r\u00fcckt zusammen\u201c in Corona-Zeiten auch im Linsengericht eine Belebung des station\u00e4ren Einzelhandels und der Gastronomie erm\u00f6glichen. Die unter <a href=\"http:\/\/www.unsere-stadt-rueckt-zusammen.de\">www.unsere-stadt-rueckt-zusammen.de<\/a> erreichbare Plattform ist selbst von ihrer Entstehung her ebenfalls eine regionale Initiative und kann daher auch unabh\u00e4ngig von der Covid-19-Thematik und \u00fcber diese hinaus einen wichtigen Beitrag f\u00fcr die heimische Wirtschaft leisten.\u201c<\/p>\n<p>\u201eDas Angebot der Plattform f\u00fcr Handel und Gastronomie ist sehr vielf\u00e4ltig und soll den heimischen Unternehmern in schwieriger Zeit helfen, ihre Ums\u00e4tze zu erzielen, um Arbeitspl\u00e4tze und lokale Wertsch\u00f6pfung zu erhalten. Zudem bietet sie den B\u00fcrgerinnen und B\u00fcrgern eine Reihe von Informationsm\u00f6glichkeiten, um den Lieferservice der Gesch\u00e4fte in Anspruch zu nehmen und vor einer Bestellung auch die gewohnt fachkompetente Beratung der regional stark verwurzelten Unternehmen zu erhalten\u201c, erg\u00e4nzt BGL-Gemeindevorstandsmitglied Sebastian Dein.<\/p>\n<p>\u201eWir hatten die Thematik bereits in der Gemeindevertretersitzung Anfang November als Dringlichkeitsantrag eingebracht und wollen dadurch insbesondere den regionalen Einkauf st\u00e4rken. Inzwischen beteiligen sich bereits zehn Unternehmen aus dem Linsengericht an der Aktion, sodass auch die Gemeinde ein Zeichen setzen sollte und wir um entsprechende Zustimmung der anderen Fraktionen bei der Sitzung am 9. Dezember im B\u00fcrgersaal Eidenges\u00e4\u00df zu diesem Antrag werben\u201c, so Fraktionsvorsitzender Heinz Breitenbach abschlie\u00dfend.<\/p>\n","protected":false},"excerpt":{"rendered":"<p>F\u00fcr die Haushaltsberatungen 2021 in der Gemeindevertretersitzung am Mittwoch hat die B\u00fcrgerliste \/ Freie W\u00e4hlergemeinschaft beantragt, f\u00fcr das Jahr 2022 Finanzmittel in H\u00f6he von 3.600 \u20ac f\u00fcr den Beitritt zur Online-Plattform \u201eUnsere Stadt r\u00fcckt zusammen\u201c bereitzustellen. Nach einem kostenfreien ersten Jahr w\u00e4ren dies die Jahreskosten f\u00fcr das zweite Mitgliedsjahr bei der Plattform. Wie der Initiator [&hellip;]<\/p>\n","protected":false},"author":3,"featured_media":715,"comment_status":"closed","ping_status":"closed","sticky":false,"template":"","format":"standard","meta":{"_et_pb_use_builder":"off","_et_pb_old_content":"Nach der vorletzten Gemeindevertretersitzung im Jahr 2020 hat die B\u00fcrgerliste \/ Freie W\u00e4hlergemeinschaft ihre Wahlkampfaktivit\u00e4ten f\u00fcr die Kommunalwahl am 14. M\u00e4rz 2021 begonnen: \u201eUnser Wahlausschuss hat gemeinsam mit den Freien W\u00e4hlern Main-Kinzig f\u00fcr die gesamte Gemeinde Linsengericht einheitliche Brosch\u00fcren und einheitliche Aufrufe, sich kommunalpolitisch zu engagieren, \u00a0entworfen, die derzeit in allen Linsengerichter Ortsteilen von flei\u00dfigen Helferinnen und Helfern verteilt werden oder schon verteilt wurden\u201c, so Vorsitzender Heinz Breitenbach.\n\n\u201eW\u00e4hrend in dieser Brosch\u00fcre die inhaltlichen Schwerpunkte auf die erreichten Ziele und einige aktuelle Themen gelegt wurden, wird es vor der Wahl nat\u00fcrlich auch noch eine weitere Publikation geben,\u00a0 in der die heimischen Kandidatinnen und Kandidaten f\u00fcr die Ortsbeir\u00e4te, die Gemeindevertretung und den Kreistag des Main-Kinzig-Kreises, sowie die Wahlziele der Freien W\u00e4hler auf Gemeinde- und Kreisebene vorgestellt werden\u201c, erg\u00e4nzt B\u00fcrgerlisten-Pressewart Sebastian Dein.\n\nBesonders wies BGL-Vorsitzender Heinz Breitenbach noch einmal auf die Jahreshauptversammlung der B\u00fcrgerliste\/FWG Linsengericht am Freitag, den 27. November ab 19.00 Uhr im B\u00fcrgersaal Eidenges\u00e4\u00df hin, in der eben jene Kandidatinnen und Kandidaten benannt werden sollen:\n\n\u201eNeben den \u00fcblichen Tagesordnungspunkten einer Jahreshauptversammlung, f\u00fcr die erstmals ein entsprechendes Hygienekonzept notwendig wurde, stehen hier nat\u00fcrlich die Vorstellung und die Wahlen der Bewerberinnen und Bewerber f\u00fcr die Gemeindevertretung Linsengericht und die Ortsbeir\u00e4te Altenha\u00dflau, Eidenges\u00e4\u00df, Geislitz, Gro\u00dfenhausen und L\u00fctzelhausen auf dem Programm, weshalb ich auch noch einmal alle unsere Mitglieder herzlich zur Teilnahme einlade\u201c, so Breitenbach abschlie\u00dfend.\n\n<img class=\"alignnone wp-image-715 size-medium\" src=\"https:\/\/www.buergerliste-linsengericht.de\/wp-content\/uploads\/2020\/01\/20180204-296x300.jpg\" alt=\"\" width=\"296\" height=\"300\" \/>","_et_gb_content_width":"","footnotes":""},"categories":[14],"tags":[],"class_list":["post-1379","post","type-post","status-publish","format-standard","has-post-thumbnail","hentry","category-presse-2020"],"_links":{"self":[{"href":"https:\/\/www.buergerliste-linsengericht.de\/index.php\/wp-json\/wp\/v2\/posts\/1379","targetHints":{"allow":["GET"]}}],"collection":[{"href":"https:\/\/www.buergerliste-linsengericht.de\/index.php\/wp-json\/wp\/v2\/posts"}],"about":[{"href":"https:\/\/www.buergerliste-linsengericht.de\/index.php\/wp-json\/wp\/v2\/types\/post"}],"author":[{"embeddable":true,"href":"https:\/\/www.buergerliste-linsengericht.de\/index.php\/wp-json\/wp\/v2\/users\/3"}],"replies":[{"embeddable":true,"href":"https:\/\/www.buergerliste-linsengericht.de\/index.php\/wp-json\/wp\/v2\/comments?post=1379"}],"version-history":[{"count":1,"href":"https:\/\/www.buergerliste-linsengericht.de\/index.php\/wp-json\/wp\/v2\/posts\/1379\/revisions"}],"predecessor-version":[{"id":1380,"href":"https:\/\/www.buergerliste-linsengericht.de\/index.php\/wp-json\/wp\/v2\/posts\/1379\/revisions\/1380"}],"wp:featuredmedia":[{"embeddable":true,"href":"https:\/\/www.buergerliste-linsengericht.de\/index.php\/wp-json\/wp\/v2\/media\/715"}],"wp:attachment":[{"href":"https:\/\/www.buergerliste-linsengericht.de\/index.php\/wp-json\/wp\/v2\/media?parent=1379"}],"wp:term":[{"taxonomy":"category","embeddable":true,"href":"https:\/\/www.buergerliste-linsengericht.de\/index.php\/wp-json\/wp\/v2\/categories?post=1379"},{"taxonomy":"post_tag","embeddable":true,"href":"https:\/\/www.buergerliste-linsengericht.de\/index.php\/wp-json\/wp\/v2\/tags?post=1379"}],"curies":[{"name":"wp","href":"https:\/\/api.w.org\/{rel}","templated":true}]}}