{"id":1376,"date":"2020-12-06T19:33:07","date_gmt":"2020-12-06T18:33:07","guid":{"rendered":"https:\/\/www.buergerliste-linsengericht.de\/?p=1376"},"modified":"2020-12-06T19:33:09","modified_gmt":"2020-12-06T18:33:09","slug":"hans-gerd-adler-aus-eidengesaess-feierte-80-geburtstag","status":"publish","type":"post","link":"https:\/\/www.buergerliste-linsengericht.de\/index.php\/2020\/12\/06\/hans-gerd-adler-aus-eidengesaess-feierte-80-geburtstag\/","title":{"rendered":"Hans-Gerd Adler aus Eidenges\u00e4\u00df feierte 80. Geburtstag"},"content":{"rendered":"<p>Am 02. Dez. 2020 feierte Hans-Gerd Adler in Linsengericht-Eidenges\u00e4\u00df seinen 80. Geburtstag. Aus diesem Anlass gratulierte der Vorsitzende der B\u00fcrgerliste\/FWG Linsengericht, Heinz Breitenbach, dem Jubilar recht herzlich. Als Geschenk \u00fcberreichte er einen Pr\u00e4sentkorb, das Heimatjahrbuch 2021 \u201eZwischen Vogelsberg und Spessart\u201c und den neuen Jahreskalender des F\u00f6rdervereins Martinskirche Altenha\u00dflau.<\/p>\n<p>Hans-Gerd Adler geh\u00f6rt der B\u00fcrgerliste\/FWG Linsengericht seit \u00fcber f\u00fcnfundzwanzig Jahren an. In den 90-er Jahren des vergangenen Jahrhunderts war er f\u00fcr die B\u00fcrgerliste in der Gemeindevertretung Linsengericht t\u00e4tig.<\/p>\n<p>Am kommunalpolitischen Geschehen nimmt der r\u00fcstige Rentner noch rege teil. Bis zum Beginn der Coronapandemie besuchte er regelm\u00e4\u00dfig die Fraktionssitzungen der Freien W\u00e4hler Linsengericht. Auch geh\u00f6rt er zu den Teilnehmern, wenn die BGL-FWG Linsengericht Firmenbesuche oder Besichtigungen von kommunalen Einrichtungen unternimmt. Des Weiteren unterst\u00fctzt er die Fraktionsarbeit durch Bilder von gemeindlichen Baustellen, die er an alle Fraktionsmitglieder sendet.<\/p>\n<p>Auch den Heimat- und Geschichtsverein Linsengericht unterst\u00fctzt Hans-Gerd Adler als passives Mitglied seit Jahrzehnten.<\/p>\n<p>Bild: der Jubilar Hans-Gerd Adler an seinem Ehrentag<\/p>\n<p><img loading=\"lazy\" decoding=\"async\" class=\"alignnone wp-image-1377 size-medium\" src=\"https:\/\/www.buergerliste-linsengericht.de\/wp-content\/uploads\/2020\/12\/80.-Geb.-Hans-Gerd-Adler-02.12.2020-225x300.jpg\" alt=\"\" width=\"225\" height=\"300\" \/><\/p>\n","protected":false},"excerpt":{"rendered":"<p>Am 02. Dez. 2020 feierte Hans-Gerd Adler in Linsengericht-Eidenges\u00e4\u00df seinen 80. Geburtstag. Aus diesem Anlass gratulierte der Vorsitzende der B\u00fcrgerliste\/FWG Linsengericht, Heinz Breitenbach, dem Jubilar recht herzlich. Als Geschenk \u00fcberreichte er einen Pr\u00e4sentkorb, das Heimatjahrbuch 2021 \u201eZwischen Vogelsberg und Spessart\u201c und den neuen Jahreskalender des F\u00f6rdervereins Martinskirche Altenha\u00dflau. Hans-Gerd Adler geh\u00f6rt der B\u00fcrgerliste\/FWG Linsengericht seit [&hellip;]<\/p>\n","protected":false},"author":3,"featured_media":1377,"comment_status":"closed","ping_status":"closed","sticky":false,"template":"","format":"standard","meta":{"_et_pb_use_builder":"off","_et_pb_old_content":"Nach der vorletzten Gemeindevertretersitzung im Jahr 2020 hat die B\u00fcrgerliste \/ Freie W\u00e4hlergemeinschaft ihre Wahlkampfaktivit\u00e4ten f\u00fcr die Kommunalwahl am 14. M\u00e4rz 2021 begonnen: \u201eUnser Wahlausschuss hat gemeinsam mit den Freien W\u00e4hlern Main-Kinzig f\u00fcr die gesamte Gemeinde Linsengericht einheitliche Brosch\u00fcren und einheitliche Aufrufe, sich kommunalpolitisch zu engagieren, \u00a0entworfen, die derzeit in allen Linsengerichter Ortsteilen von flei\u00dfigen Helferinnen und Helfern verteilt werden oder schon verteilt wurden\u201c, so Vorsitzender Heinz Breitenbach.\n\n\u201eW\u00e4hrend in dieser Brosch\u00fcre die inhaltlichen Schwerpunkte auf die erreichten Ziele und einige aktuelle Themen gelegt wurden, wird es vor der Wahl nat\u00fcrlich auch noch eine weitere Publikation geben,\u00a0 in der die heimischen Kandidatinnen und Kandidaten f\u00fcr die Ortsbeir\u00e4te, die Gemeindevertretung und den Kreistag des Main-Kinzig-Kreises, sowie die Wahlziele der Freien W\u00e4hler auf Gemeinde- und Kreisebene vorgestellt werden\u201c, erg\u00e4nzt B\u00fcrgerlisten-Pressewart Sebastian Dein.\n\nBesonders wies BGL-Vorsitzender Heinz Breitenbach noch einmal auf die Jahreshauptversammlung der B\u00fcrgerliste\/FWG Linsengericht am Freitag, den 27. November ab 19.00 Uhr im B\u00fcrgersaal Eidenges\u00e4\u00df hin, in der eben jene Kandidatinnen und Kandidaten benannt werden sollen:\n\n\u201eNeben den \u00fcblichen Tagesordnungspunkten einer Jahreshauptversammlung, f\u00fcr die erstmals ein entsprechendes Hygienekonzept notwendig wurde, stehen hier nat\u00fcrlich die Vorstellung und die Wahlen der Bewerberinnen und Bewerber f\u00fcr die Gemeindevertretung Linsengericht und die Ortsbeir\u00e4te Altenha\u00dflau, Eidenges\u00e4\u00df, Geislitz, Gro\u00dfenhausen und L\u00fctzelhausen auf dem Programm, weshalb ich auch noch einmal alle unsere Mitglieder herzlich zur Teilnahme einlade\u201c, so Breitenbach abschlie\u00dfend.\n\n<img class=\"alignnone wp-image-715 size-medium\" src=\"https:\/\/www.buergerliste-linsengericht.de\/wp-content\/uploads\/2020\/01\/20180204-296x300.jpg\" alt=\"\" width=\"296\" height=\"300\" \/>","_et_gb_content_width":"","footnotes":""},"categories":[14],"tags":[],"class_list":["post-1376","post","type-post","status-publish","format-standard","has-post-thumbnail","hentry","category-presse-2020"],"_links":{"self":[{"href":"https:\/\/www.buergerliste-linsengericht.de\/index.php\/wp-json\/wp\/v2\/posts\/1376","targetHints":{"allow":["GET"]}}],"collection":[{"href":"https:\/\/www.buergerliste-linsengericht.de\/index.php\/wp-json\/wp\/v2\/posts"}],"about":[{"href":"https:\/\/www.buergerliste-linsengericht.de\/index.php\/wp-json\/wp\/v2\/types\/post"}],"author":[{"embeddable":true,"href":"https:\/\/www.buergerliste-linsengericht.de\/index.php\/wp-json\/wp\/v2\/users\/3"}],"replies":[{"embeddable":true,"href":"https:\/\/www.buergerliste-linsengericht.de\/index.php\/wp-json\/wp\/v2\/comments?post=1376"}],"version-history":[{"count":1,"href":"https:\/\/www.buergerliste-linsengericht.de\/index.php\/wp-json\/wp\/v2\/posts\/1376\/revisions"}],"predecessor-version":[{"id":1378,"href":"https:\/\/www.buergerliste-linsengericht.de\/index.php\/wp-json\/wp\/v2\/posts\/1376\/revisions\/1378"}],"wp:featuredmedia":[{"embeddable":true,"href":"https:\/\/www.buergerliste-linsengericht.de\/index.php\/wp-json\/wp\/v2\/media\/1377"}],"wp:attachment":[{"href":"https:\/\/www.buergerliste-linsengericht.de\/index.php\/wp-json\/wp\/v2\/media?parent=1376"}],"wp:term":[{"taxonomy":"category","embeddable":true,"href":"https:\/\/www.buergerliste-linsengericht.de\/index.php\/wp-json\/wp\/v2\/categories?post=1376"},{"taxonomy":"post_tag","embeddable":true,"href":"https:\/\/www.buergerliste-linsengericht.de\/index.php\/wp-json\/wp\/v2\/tags?post=1376"}],"curies":[{"name":"wp","href":"https:\/\/api.w.org\/{rel}","templated":true}]}}