{"id":1322,"date":"2020-09-27T18:43:30","date_gmt":"2020-09-27T16:43:30","guid":{"rendered":"https:\/\/www.buergerliste-linsengericht.de\/?p=1322"},"modified":"2020-09-27T18:44:15","modified_gmt":"2020-09-27T16:44:15","slug":"buergerliste-fwg-linsengericht-beantragt-buecherschrank-fuer-luetzelhausen","status":"publish","type":"post","link":"https:\/\/www.buergerliste-linsengericht.de\/index.php\/2020\/09\/27\/buergerliste-fwg-linsengericht-beantragt-buecherschrank-fuer-luetzelhausen\/","title":{"rendered":"B\u00fcrgerliste\/FWG Linsengericht beantragt B\u00fccherschrank f\u00fcr L\u00fctzelhausen"},"content":{"rendered":"<p>Die Mitglieder der B\u00fcrgerliste\/FWG Linsengericht im Ortsbeirat L\u00fctzelhausen haben aktuell den Antrag gestellt, am Feuerwehrger\u00e4tehaus und der Bushaltestelle am Dorfbrunnen L\u00fctzelhausen einen B\u00fccherschrank aufzustellen.<\/p>\n<p>\u201eBereits seit f\u00fcnf Jahren befindet sich auf dem Rathausgel\u00e4nde der Gemeinde Linsengericht in Altenha\u00dflau ein offener B\u00fccherschrank, der den B\u00fcrgern Tag und Nacht zug\u00e4nglich ist und seitdem gut angenommen wird. Damals begann alles mit der Idee, den B\u00fcrgern den Zugriff auf unterschiedliche Lesestoffe unkompliziert zu erm\u00f6glichen\u201c, sagte Ortsbeiratsmitglied Klaus Balzer.<\/p>\n<p>\u201eDas Prinzip des offenen B\u00fccherschrankes soll der einfache und rege Austausch von gelesener Lekt\u00fcre sein. Jeder darf B\u00fccher herausnehmen oder auch bereits gelesene hineinstellen. So kommt das breite Spektrum an unterschiedlichster Lekt\u00fcre f\u00fcr alle Altersklassen zusammen, bei der sicherlich jeder interessierte Leser f\u00fcndig werden kann\u201c, erg\u00e4nzt BGL\/FWG-Vorsitzender Heinz Breitenbach.<\/p>\n<p>\u201eAuch deshalb lohnt es sich immer wieder einen Blick auf die &#8222;neue&#8220; Ware zu riskieren. Denn man wei\u00df nie, ob nicht gerade jemand &#8222;das Buch&#8220; hineingestellt hat\u201c, so Ortsbeiratsmitglied Ruben Hundhausen mit einem Augenzwinkern, bevor er hinzuf\u00fcgte: \u201eDie Kosten f\u00fcr den B\u00fccherschrank w\u00e4ren \u00fcberschaubar und aus dem laufenden Haushalt zu finanzieren, wobei die Best\u00fcckung mit B\u00fcchern nach seiner Aufstellung dann durch entsprechende Sachspenden der Nutzer erfolgen soll.\u201c<\/p>\n<p>Durch den B\u00fccherschrank w\u00e4re also der Austausch von Literatur unter den Bewohnern von L\u00fctzelhausen einfach und unkompliziert m\u00f6glich. Die Vertreter der B\u00fcrgerliste schlagen daher den Bereich zwischen Bushaltestelle und Feuerwehrger\u00e4tehaus am Dorfbrunnen als zentral gelegen und gut einsehbaren Standort vor und hoffen auf Zustimmung der anderen Fraktionen im Ortsbeirat.<\/p>\n<p>Von links:\u00a0 Ruben Hundhausen, Klaus Balzer, Andr\u00e9 Migot u. Stefanie Knopp<\/p>\n<p><img loading=\"lazy\" decoding=\"async\" class=\"alignnone wp-image-1323 size-medium\" src=\"https:\/\/www.buergerliste-linsengericht.de\/wp-content\/uploads\/2020\/09\/Buecherschrank-Luetzelhausen-14.09.2020-1--300x225.jpg\" alt=\"\" width=\"300\" height=\"225\" \/><\/p>\n","protected":false},"excerpt":{"rendered":"<p>Die Mitglieder der B\u00fcrgerliste\/FWG Linsengericht im Ortsbeirat L\u00fctzelhausen haben aktuell den Antrag gestellt, am Feuerwehrger\u00e4tehaus und der Bushaltestelle am Dorfbrunnen L\u00fctzelhausen einen B\u00fccherschrank aufzustellen. \u201eBereits seit f\u00fcnf Jahren befindet sich auf dem Rathausgel\u00e4nde der Gemeinde Linsengericht in Altenha\u00dflau ein offener B\u00fccherschrank, der den B\u00fcrgern Tag und Nacht zug\u00e4nglich ist und seitdem gut angenommen wird. Damals [&hellip;]<\/p>\n","protected":false},"author":3,"featured_media":1323,"comment_status":"closed","ping_status":"closed","sticky":false,"template":"","format":"standard","meta":{"_et_pb_use_builder":"off","_et_pb_old_content":"In etwas mehr als sechs Monaten \u2013 am 14. M\u00e4rz 2021 - finden wieder\nKommunalwahlen in Hessen statt. Das hei\u00dft f\u00fcr die FW Main-Kinzig, es geht um die\nWahl des Kreistages und des Kreisausschusses, sowie der Fachaussch\u00fcsse. Aktuell\nstellen die Freien W\u00e4hler im Main-Kinzig-Kreis mit Heinz Breitenbach, Carsten Kauck\nund Herbert Bien drei Kreistagsabgeordnete.\n&amp;quot;Wir werben bei den B\u00fcrgerinnen und B\u00fcrgern des Landkreises f\u00fcr die Unterst\u00fctzung\nunserer Sachpolitik, um als \u00fcberparteiliche W\u00e4hlergemeinschaft eine wichtige Rolle\nim neuen Kreistag einzunehmen\u201c, so der Fraktionsvorsitzende Heinz Breitenbach.\n\u201eWir m\u00fcssen uns nicht verstecken&amp;quot;, so der stellvertretende Fraktionsvorsitzende\nCarsten Kauck. Wichtige Sachthemen wurden von unserer Fraktion in der aktuellen\nLegislaturperiode durch Antr\u00e4ge in den Kreistag eingebracht. Als Beispiele k\u00f6nnen\nwir hier das Radwegekonzept des Kreises und eingestellte Finanzmittel in H\u00f6he von\n500 TEUR f\u00fcr kommunale Hallen- und Freib\u00e4der benennen. Die Standortfestlegung\nf\u00fcr die Akademie f\u00fcr Gesundheit und Pflege wurde durch unsere Initiative ein St\u00fcck\ntransparenter.\n\u201eWir sehen uns weiterhin als verl\u00e4ngerter Arm der Kommunen im Kreistag des Main-\nKinzig-Kreises und werden uns weiterhin f\u00fcr moderate Hebes\u00e4tze bei der Kreis- und\nSchulumlage einsetzen\u201c, so Herbert Bien aus Jo\u00dfgrund.\n\u201eMit einem Social Media Seminar im Kultursaal des Spessart Forums in Bad Soden-\nSalm\u00fcnster haben wir eine \u201eKick-off\u201c Veranstaltung f\u00fcr den\nKommunalwahlkampfauftakt pr\u00e4sentiert\u201c, so die zuk\u00fcnftig f\u00fcr die sozialen Medien\nverantwortlichen FW Torsten Gast und Ruben Hundhausen.\nDie Vertreter der \u201ecity-map Agentur des Main-Kinzig-Kreises\u201c, Walter und Anna\nRodumer haben den Freien W\u00e4hlern Main-Kinzig und einer Reihe am Workshop\nteilnehmender Ortsgruppen die Welt der digitalen Medien, Facebook, Instagram,\nYoutube und Twitter erl\u00e4utert und n\u00e4hergebracht. Die Zielsetzung des \u201eWorkshops\u201c\nmit digitalen Medien potentielle W\u00e4hlerschichten anzusprechen und durch\ninteressante Botschaften zu gewinnen wurde anhand von Beispielen den\nTeilnehmern aufgezeigt.\n\u201eWir werden die Chancen, die uns die digitalen Medien bieten zuk\u00fcnftig st\u00e4rker\nnutzen, um die Wahlziele f\u00fcr 2021 auch zu erreichen\u201c, so der Fraktionsvorsitzende\nHeinz Breitenbach abschlie\u00dfend.\n\n<img class=\"alignnone wp-image-1274 size-medium\" src=\"https:\/\/www.buergerliste-linsengericht.de\/wp-content\/uploads\/2020\/08\/P1420893-Kopie-300x225.jpg\" alt=\"\" width=\"300\" height=\"225\" \/>","_et_gb_content_width":"","footnotes":""},"categories":[14],"tags":[],"class_list":["post-1322","post","type-post","status-publish","format-standard","has-post-thumbnail","hentry","category-presse-2020"],"_links":{"self":[{"href":"https:\/\/www.buergerliste-linsengericht.de\/index.php\/wp-json\/wp\/v2\/posts\/1322","targetHints":{"allow":["GET"]}}],"collection":[{"href":"https:\/\/www.buergerliste-linsengericht.de\/index.php\/wp-json\/wp\/v2\/posts"}],"about":[{"href":"https:\/\/www.buergerliste-linsengericht.de\/index.php\/wp-json\/wp\/v2\/types\/post"}],"author":[{"embeddable":true,"href":"https:\/\/www.buergerliste-linsengericht.de\/index.php\/wp-json\/wp\/v2\/users\/3"}],"replies":[{"embeddable":true,"href":"https:\/\/www.buergerliste-linsengericht.de\/index.php\/wp-json\/wp\/v2\/comments?post=1322"}],"version-history":[{"count":2,"href":"https:\/\/www.buergerliste-linsengericht.de\/index.php\/wp-json\/wp\/v2\/posts\/1322\/revisions"}],"predecessor-version":[{"id":1325,"href":"https:\/\/www.buergerliste-linsengericht.de\/index.php\/wp-json\/wp\/v2\/posts\/1322\/revisions\/1325"}],"wp:featuredmedia":[{"embeddable":true,"href":"https:\/\/www.buergerliste-linsengericht.de\/index.php\/wp-json\/wp\/v2\/media\/1323"}],"wp:attachment":[{"href":"https:\/\/www.buergerliste-linsengericht.de\/index.php\/wp-json\/wp\/v2\/media?parent=1322"}],"wp:term":[{"taxonomy":"category","embeddable":true,"href":"https:\/\/www.buergerliste-linsengericht.de\/index.php\/wp-json\/wp\/v2\/categories?post=1322"},{"taxonomy":"post_tag","embeddable":true,"href":"https:\/\/www.buergerliste-linsengericht.de\/index.php\/wp-json\/wp\/v2\/tags?post=1322"}],"curies":[{"name":"wp","href":"https:\/\/api.w.org\/{rel}","templated":true}]}}