{"id":1310,"date":"2020-09-19T21:52:35","date_gmt":"2020-09-19T19:52:35","guid":{"rendered":"https:\/\/www.buergerliste-linsengericht.de\/?p=1310"},"modified":"2020-09-19T22:00:27","modified_gmt":"2020-09-19T20:00:27","slug":"bolzplatz-altenhasslau-auf-initiative-der-buergerliste-saniert","status":"publish","type":"post","link":"https:\/\/www.buergerliste-linsengericht.de\/index.php\/2020\/09\/19\/bolzplatz-altenhasslau-auf-initiative-der-buergerliste-saniert\/","title":{"rendered":"Bolzplatz Altenha\u00dflau auf Initiative der B\u00fcrgerliste saniert"},"content":{"rendered":"<p>Der Bolzplatz hinter der Martinsschule in Altenha\u00dflau befand sich seit einiger Zeit, nicht nur aufgrund der beiden trockenen Sommer 2018 und 2019, in einem schlechten Zustand.<\/p>\n<p>\u201eDie tiefen Kuhlen im Rasen vor beiden Toren waren stark verdichtet und standen so nach jedem Regen voller Wasser und bildeten auch im trockenen Zustand eine dauerhafte Verletzungsgefahr f\u00fcr die Hobbykicker. \u00a0Auch die Befestigung der Tornetze an den Toren und der Ballfangnetze am s\u00fcdlichen Fangzaun bedurften dringend einer Erneuerung. Zudem standen sich die beiden Fu\u00dfballtore nicht symmetrisch gegen\u00fcber\u201c, so Sebastian Dein, der die B\u00fcrgerliste \/ Freie W\u00e4hlergemeinschaft Linsengericht im Gemeindevorstand vertritt.<\/p>\n<p>\u201eDie Mitglieder der BGL\/FWG im Ortsbeirat Altenha\u00dflau hatten daher den Antrag gestellt, im Doppelhaushalt 2019\/2020 Mittel bereitzustellen, um die Unebenheiten und tiefen Kuhlen in der Rasenfl\u00e4che, sowie die Sch\u00e4den an den Tornetzen und dem Ballfangzaun zu reparieren. Zudem sollte im Rahmen dieser Ma\u00dfnahme eines der Fu\u00dfballtore so versetzt werden, dass k\u00fcnftig ein symmetrisches Feld mit korrekt gegen\u00fcberstehenden Toren vorhanden ist\u201c, erg\u00e4nzte Altenha\u00dflaus Ortsvorsteherin Ingrid Schmidt.<\/p>\n<p>\u201eDies wurde im Jahr 2020 nun auf Initiative der B\u00fcrgerliste schrittweise umgesetzt, sodass der Bolzplatz nun wieder in einem besseren Zustand ist, auch, wenn die Nachsaat der Torr\u00e4ume durch zu fr\u00fche Nutzung und eine Trockenperiode im diesj\u00e4hrigen Sommer bereits wieder deutlich gelitten hat\u201c, so B\u00fcrgerlisten-Fraktionsvorsitzender Heinz Breitenbach am Rande des Ortstermins der heimischen Freien W\u00e4hler.<\/p>\n<p><img loading=\"lazy\" decoding=\"async\" class=\"alignnone  wp-image-1311\" src=\"https:\/\/www.buergerliste-linsengericht.de\/wp-content\/uploads\/2020\/09\/Bolzplatz-1-08.09.2020-300x225.jpg\" alt=\"\" width=\"519\" height=\"389\" \/><\/p>\n<p>Von links: Jonas, Sebastian u. Malena Dein, Ruben Hundhausen, Ingrid Schmidt, Dirk Seybold u. Karlfred Seifert<\/p>\n","protected":false},"excerpt":{"rendered":"<p>Der Bolzplatz hinter der Martinsschule in Altenha\u00dflau befand sich seit einiger Zeit, nicht nur aufgrund der beiden trockenen Sommer 2018 und 2019, in einem schlechten Zustand. \u201eDie tiefen Kuhlen im Rasen vor beiden Toren waren stark verdichtet und standen so nach jedem Regen voller Wasser und bildeten auch im trockenen Zustand eine dauerhafte Verletzungsgefahr f\u00fcr [&hellip;]<\/p>\n","protected":false},"author":3,"featured_media":1311,"comment_status":"closed","ping_status":"closed","sticky":false,"template":"","format":"standard","meta":{"_et_pb_use_builder":"off","_et_pb_old_content":"In etwas mehr als sechs Monaten \u2013 am 14. M\u00e4rz 2021 - finden wieder\nKommunalwahlen in Hessen statt. Das hei\u00dft f\u00fcr die FW Main-Kinzig, es geht um die\nWahl des Kreistages und des Kreisausschusses, sowie der Fachaussch\u00fcsse. Aktuell\nstellen die Freien W\u00e4hler im Main-Kinzig-Kreis mit Heinz Breitenbach, Carsten Kauck\nund Herbert Bien drei Kreistagsabgeordnete.\n&amp;quot;Wir werben bei den B\u00fcrgerinnen und B\u00fcrgern des Landkreises f\u00fcr die Unterst\u00fctzung\nunserer Sachpolitik, um als \u00fcberparteiliche W\u00e4hlergemeinschaft eine wichtige Rolle\nim neuen Kreistag einzunehmen\u201c, so der Fraktionsvorsitzende Heinz Breitenbach.\n\u201eWir m\u00fcssen uns nicht verstecken&amp;quot;, so der stellvertretende Fraktionsvorsitzende\nCarsten Kauck. Wichtige Sachthemen wurden von unserer Fraktion in der aktuellen\nLegislaturperiode durch Antr\u00e4ge in den Kreistag eingebracht. Als Beispiele k\u00f6nnen\nwir hier das Radwegekonzept des Kreises und eingestellte Finanzmittel in H\u00f6he von\n500 TEUR f\u00fcr kommunale Hallen- und Freib\u00e4der benennen. Die Standortfestlegung\nf\u00fcr die Akademie f\u00fcr Gesundheit und Pflege wurde durch unsere Initiative ein St\u00fcck\ntransparenter.\n\u201eWir sehen uns weiterhin als verl\u00e4ngerter Arm der Kommunen im Kreistag des Main-\nKinzig-Kreises und werden uns weiterhin f\u00fcr moderate Hebes\u00e4tze bei der Kreis- und\nSchulumlage einsetzen\u201c, so Herbert Bien aus Jo\u00dfgrund.\n\u201eMit einem Social Media Seminar im Kultursaal des Spessart Forums in Bad Soden-\nSalm\u00fcnster haben wir eine \u201eKick-off\u201c Veranstaltung f\u00fcr den\nKommunalwahlkampfauftakt pr\u00e4sentiert\u201c, so die zuk\u00fcnftig f\u00fcr die sozialen Medien\nverantwortlichen FW Torsten Gast und Ruben Hundhausen.\nDie Vertreter der \u201ecity-map Agentur des Main-Kinzig-Kreises\u201c, Walter und Anna\nRodumer haben den Freien W\u00e4hlern Main-Kinzig und einer Reihe am Workshop\nteilnehmender Ortsgruppen die Welt der digitalen Medien, Facebook, Instagram,\nYoutube und Twitter erl\u00e4utert und n\u00e4hergebracht. Die Zielsetzung des \u201eWorkshops\u201c\nmit digitalen Medien potentielle W\u00e4hlerschichten anzusprechen und durch\ninteressante Botschaften zu gewinnen wurde anhand von Beispielen den\nTeilnehmern aufgezeigt.\n\u201eWir werden die Chancen, die uns die digitalen Medien bieten zuk\u00fcnftig st\u00e4rker\nnutzen, um die Wahlziele f\u00fcr 2021 auch zu erreichen\u201c, so der Fraktionsvorsitzende\nHeinz Breitenbach abschlie\u00dfend.\n\n<img class=\"alignnone wp-image-1274 size-medium\" src=\"https:\/\/www.buergerliste-linsengericht.de\/wp-content\/uploads\/2020\/08\/P1420893-Kopie-300x225.jpg\" alt=\"\" width=\"300\" height=\"225\" \/>","_et_gb_content_width":"","footnotes":""},"categories":[14],"tags":[],"class_list":["post-1310","post","type-post","status-publish","format-standard","has-post-thumbnail","hentry","category-presse-2020"],"_links":{"self":[{"href":"https:\/\/www.buergerliste-linsengericht.de\/index.php\/wp-json\/wp\/v2\/posts\/1310","targetHints":{"allow":["GET"]}}],"collection":[{"href":"https:\/\/www.buergerliste-linsengericht.de\/index.php\/wp-json\/wp\/v2\/posts"}],"about":[{"href":"https:\/\/www.buergerliste-linsengericht.de\/index.php\/wp-json\/wp\/v2\/types\/post"}],"author":[{"embeddable":true,"href":"https:\/\/www.buergerliste-linsengericht.de\/index.php\/wp-json\/wp\/v2\/users\/3"}],"replies":[{"embeddable":true,"href":"https:\/\/www.buergerliste-linsengericht.de\/index.php\/wp-json\/wp\/v2\/comments?post=1310"}],"version-history":[{"count":2,"href":"https:\/\/www.buergerliste-linsengericht.de\/index.php\/wp-json\/wp\/v2\/posts\/1310\/revisions"}],"predecessor-version":[{"id":1318,"href":"https:\/\/www.buergerliste-linsengericht.de\/index.php\/wp-json\/wp\/v2\/posts\/1310\/revisions\/1318"}],"wp:featuredmedia":[{"embeddable":true,"href":"https:\/\/www.buergerliste-linsengericht.de\/index.php\/wp-json\/wp\/v2\/media\/1311"}],"wp:attachment":[{"href":"https:\/\/www.buergerliste-linsengericht.de\/index.php\/wp-json\/wp\/v2\/media?parent=1310"}],"wp:term":[{"taxonomy":"category","embeddable":true,"href":"https:\/\/www.buergerliste-linsengericht.de\/index.php\/wp-json\/wp\/v2\/categories?post=1310"},{"taxonomy":"post_tag","embeddable":true,"href":"https:\/\/www.buergerliste-linsengericht.de\/index.php\/wp-json\/wp\/v2\/tags?post=1310"}],"curies":[{"name":"wp","href":"https:\/\/api.w.org\/{rel}","templated":true}]}}