{"id":1292,"date":"2020-08-17T15:31:45","date_gmt":"2020-08-17T13:31:45","guid":{"rendered":"https:\/\/www.buergerliste-linsengericht.de\/?p=1292"},"modified":"2020-08-17T15:36:00","modified_gmt":"2020-08-17T13:36:00","slug":"buergerliste-fwg-linsengericht-will-vereinsfoerderung-neu-regeln","status":"publish","type":"post","link":"https:\/\/www.buergerliste-linsengericht.de\/index.php\/2020\/08\/17\/buergerliste-fwg-linsengericht-will-vereinsfoerderung-neu-regeln\/","title":{"rendered":"B\u00fcrgerliste \/ FWG Linsengericht will Vereinsf\u00f6rderung neu regeln"},"content":{"rendered":"<p>Mit einem aktuellen Antrag in der Gemeindevertretersitzung am Donnerstag, den 27.08. um 19.30 Uhr im B\u00fcrgersaal Eidenges\u00e4\u00df m\u00f6chte die B\u00fcrgerliste \/ FWG Linsengericht eine Neufassung der gemeindlichen Richtlinien zur Vereinsf\u00f6rderung auf den Weg bringen.<\/p>\n<p>\u201eDie derzeitigen Richtlinien stammen aus dem Jahr 2008 und sollten daher nach 12 Jahren nun in redaktioneller Hinsicht, aber auch in Bezug auf die H\u00f6he der F\u00f6rderung \u00fcberarbeitet werden\u201c, so der Geislitzer Gemeindevertreter Dirk Seybold und Ortsbeiratsmitglied J\u00fcrgen R\u00f6scher aus Eidenges\u00e4\u00df.<\/p>\n<p>\u201eSelbstverst\u00e4ndlich sollen die Vereine, die einen wichtigen kulturellen, sportlichen und sozialen Beitrag in unserer d\u00f6rflichen Gemeinschaft leisten, auch weiterhin nachhaltig durch die Gemeinde Linsengericht unterst\u00fctzt werden \u2013 nicht zuletzt, da die Vereine aufgrund der Corona-Thematik in den letzten f\u00fcnf Monaten durch ausgefallene \u00dcbungsstunden, Veranstaltungen und Wettk\u00e4mpfe an der Aus\u00fcbung ihrer Aktivit\u00e4ten gehindert waren und dadurch auch m\u00f6gliche Einnahmen ausgefallen sind\u201c, erg\u00e4nzt Gemeindevorstandsmitglied Sebastian Dein.<\/p>\n<p>Der Antrag der heimischen Freien W\u00e4hler sieht daher vor, zun\u00e4chst den Ausschuss f\u00fcr Soziales, Kultur, Sport und Senioren mit der Neufassung der F\u00f6rderrichtlinie zu beauftragen. Sicherlich werden dessen ehrenamtliche Mitglieder noch einige Fragen an die Gemeindeverwaltung haben bzw. besteht ein Informationsbedarf dahingehend wie in Nachbarkommunen die Vereinsf\u00f6rderrichtlinien aussehen. Nach Beantwortung der Fragen und dem Vorliegen der Informationen soll der Ausschuss auf dieser Basis seinen Vorschlag f\u00fcr die zuk\u00fcnftige Vereinsbezuschussung der Gemeindevertretung zur Entscheidung vorlegen.<\/p>\n<p>\u201eWir haben ganz bewusst keine konkreten Zahlen \u00fcber k\u00fcnftige Zuschussarten und \u2013h\u00f6hen gemacht und in die Diskussion eingebracht. Wir sehen es als Vorteil an, wenn der Fachausschuss diese Thematik unvoreingenommen, &nbsp;sachlich und in der gebotenen Ruhe beraten und diskutieren w\u00fcrde\u201c, so B\u00fcrgerliste-Fraktionsvorsitzender Heinz Breitenbach abschlie\u00dfend nach einem Ortstermin mit Ortsvorsteherin Ingrid Schmidt und Karl-J\u00fcrgen Zellmann am Haus der Vereine in Altenha\u00dflau.<\/p>\n<p>Bild von links:<\/p>\n<p>Karl-J\u00fcrgen Zellmann, Sebastian Dein, Ingrid Schmidt, Heinz Breitenbach, J\u00fcrgen R\u00f6scher und Dirk Seybold<\/p>\n<p><img loading=\"lazy\" decoding=\"async\" class=\"alignnone wp-image-1293 \" src=\"https:\/\/www.buergerliste-linsengericht.de\/wp-content\/uploads\/2020\/08\/Vereinsfoerderung-Linsengericht-15.08.2020-1--300x225.jpg\" alt=\"\" width=\"390\" height=\"293\"><\/p>\n","protected":false},"excerpt":{"rendered":"<p>Mit einem aktuellen Antrag in der Gemeindevertretersitzung am Donnerstag, den 27.08. um 19.30 Uhr im B\u00fcrgersaal Eidenges\u00e4\u00df m\u00f6chte die B\u00fcrgerliste \/ FWG Linsengericht eine Neufassung der gemeindlichen Richtlinien zur Vereinsf\u00f6rderung auf den Weg bringen. \u201eDie derzeitigen Richtlinien stammen aus dem Jahr 2008 und sollten daher nach 12 Jahren nun in redaktioneller Hinsicht, aber auch in [&hellip;]<\/p>\n","protected":false},"author":3,"featured_media":1293,"comment_status":"closed","ping_status":"closed","sticky":false,"template":"","format":"standard","meta":{"_et_pb_use_builder":"off","_et_pb_old_content":"In etwas mehr als sechs Monaten \u2013 am 14. M\u00e4rz 2021 - finden wieder\nKommunalwahlen in Hessen statt. Das hei\u00dft f\u00fcr die FW Main-Kinzig, es geht um die\nWahl des Kreistages und des Kreisausschusses, sowie der Fachaussch\u00fcsse. Aktuell\nstellen die Freien W\u00e4hler im Main-Kinzig-Kreis mit Heinz Breitenbach, Carsten Kauck\nund Herbert Bien drei Kreistagsabgeordnete.\n&amp;quot;Wir werben bei den B\u00fcrgerinnen und B\u00fcrgern des Landkreises f\u00fcr die Unterst\u00fctzung\nunserer Sachpolitik, um als \u00fcberparteiliche W\u00e4hlergemeinschaft eine wichtige Rolle\nim neuen Kreistag einzunehmen\u201c, so der Fraktionsvorsitzende Heinz Breitenbach.\n\u201eWir m\u00fcssen uns nicht verstecken&amp;quot;, so der stellvertretende Fraktionsvorsitzende\nCarsten Kauck. Wichtige Sachthemen wurden von unserer Fraktion in der aktuellen\nLegislaturperiode durch Antr\u00e4ge in den Kreistag eingebracht. Als Beispiele k\u00f6nnen\nwir hier das Radwegekonzept des Kreises und eingestellte Finanzmittel in H\u00f6he von\n500 TEUR f\u00fcr kommunale Hallen- und Freib\u00e4der benennen. Die Standortfestlegung\nf\u00fcr die Akademie f\u00fcr Gesundheit und Pflege wurde durch unsere Initiative ein St\u00fcck\ntransparenter.\n\u201eWir sehen uns weiterhin als verl\u00e4ngerter Arm der Kommunen im Kreistag des Main-\nKinzig-Kreises und werden uns weiterhin f\u00fcr moderate Hebes\u00e4tze bei der Kreis- und\nSchulumlage einsetzen\u201c, so Herbert Bien aus Jo\u00dfgrund.\n\u201eMit einem Social Media Seminar im Kultursaal des Spessart Forums in Bad Soden-\nSalm\u00fcnster haben wir eine \u201eKick-off\u201c Veranstaltung f\u00fcr den\nKommunalwahlkampfauftakt pr\u00e4sentiert\u201c, so die zuk\u00fcnftig f\u00fcr die sozialen Medien\nverantwortlichen FW Torsten Gast und Ruben Hundhausen.\nDie Vertreter der \u201ecity-map Agentur des Main-Kinzig-Kreises\u201c, Walter und Anna\nRodumer haben den Freien W\u00e4hlern Main-Kinzig und einer Reihe am Workshop\nteilnehmender Ortsgruppen die Welt der digitalen Medien, Facebook, Instagram,\nYoutube und Twitter erl\u00e4utert und n\u00e4hergebracht. Die Zielsetzung des \u201eWorkshops\u201c\nmit digitalen Medien potentielle W\u00e4hlerschichten anzusprechen und durch\ninteressante Botschaften zu gewinnen wurde anhand von Beispielen den\nTeilnehmern aufgezeigt.\n\u201eWir werden die Chancen, die uns die digitalen Medien bieten zuk\u00fcnftig st\u00e4rker\nnutzen, um die Wahlziele f\u00fcr 2021 auch zu erreichen\u201c, so der Fraktionsvorsitzende\nHeinz Breitenbach abschlie\u00dfend.\n\n<img class=\"alignnone wp-image-1274 size-medium\" src=\"https:\/\/www.buergerliste-linsengericht.de\/wp-content\/uploads\/2020\/08\/P1420893-Kopie-300x225.jpg\" alt=\"\" width=\"300\" height=\"225\" \/>","_et_gb_content_width":"","footnotes":""},"categories":[14],"tags":[],"class_list":["post-1292","post","type-post","status-publish","format-standard","has-post-thumbnail","hentry","category-presse-2020"],"_links":{"self":[{"href":"https:\/\/www.buergerliste-linsengericht.de\/index.php\/wp-json\/wp\/v2\/posts\/1292","targetHints":{"allow":["GET"]}}],"collection":[{"href":"https:\/\/www.buergerliste-linsengericht.de\/index.php\/wp-json\/wp\/v2\/posts"}],"about":[{"href":"https:\/\/www.buergerliste-linsengericht.de\/index.php\/wp-json\/wp\/v2\/types\/post"}],"author":[{"embeddable":true,"href":"https:\/\/www.buergerliste-linsengericht.de\/index.php\/wp-json\/wp\/v2\/users\/3"}],"replies":[{"embeddable":true,"href":"https:\/\/www.buergerliste-linsengericht.de\/index.php\/wp-json\/wp\/v2\/comments?post=1292"}],"version-history":[{"count":2,"href":"https:\/\/www.buergerliste-linsengericht.de\/index.php\/wp-json\/wp\/v2\/posts\/1292\/revisions"}],"predecessor-version":[{"id":1295,"href":"https:\/\/www.buergerliste-linsengericht.de\/index.php\/wp-json\/wp\/v2\/posts\/1292\/revisions\/1295"}],"wp:featuredmedia":[{"embeddable":true,"href":"https:\/\/www.buergerliste-linsengericht.de\/index.php\/wp-json\/wp\/v2\/media\/1293"}],"wp:attachment":[{"href":"https:\/\/www.buergerliste-linsengericht.de\/index.php\/wp-json\/wp\/v2\/media?parent=1292"}],"wp:term":[{"taxonomy":"category","embeddable":true,"href":"https:\/\/www.buergerliste-linsengericht.de\/index.php\/wp-json\/wp\/v2\/categories?post=1292"},{"taxonomy":"post_tag","embeddable":true,"href":"https:\/\/www.buergerliste-linsengericht.de\/index.php\/wp-json\/wp\/v2\/tags?post=1292"}],"curies":[{"name":"wp","href":"https:\/\/api.w.org\/{rel}","templated":true}]}}