{"id":1273,"date":"2020-08-13T22:59:55","date_gmt":"2020-08-13T20:59:55","guid":{"rendered":"https:\/\/www.buergerliste-linsengericht.de\/?p=1273"},"modified":"2020-08-13T23:14:24","modified_gmt":"2020-08-13T21:14:24","slug":"fw-main-kinzig-starten-mit-social-media-seminarin-den-kommunalwahlkampf-2021","status":"publish","type":"post","link":"https:\/\/www.buergerliste-linsengericht.de\/index.php\/2020\/08\/13\/fw-main-kinzig-starten-mit-social-media-seminarin-den-kommunalwahlkampf-2021\/","title":{"rendered":"Freie W\u00e4hler werben um<br>B\u00fcrgermeister Pfeifer"},"content":{"rendered":"<p>Unter den beiden Stichworten \u201eKommunikation\u201c und \u201eB\u00fcrgern\u00e4he\u201c verlief das<br \/>\nSommertreffen der Kreistagsabgeordneten der Freien W\u00e4hler Main-Kinzig (FW),<br \/>\nHeinz Breitenbach und Carsten Kauck, mit dem Hasselrother B\u00fcrgermeister Matthias<br \/>\nPfeifer (Soziale W\u00e4hlergemeinschaft) im Rathaus in Neuenha\u00dflau.<\/p>\n<p>Kurz nach seiner Wahl zum B\u00fcrgermeister hatten die Freien W\u00e4hler bereits Kontakt<br \/>\nzu Pfeifer aufgenommen. F\u00fcr beide Seiten stand der rege Austausch zu<br \/>\nkommunalpolitischen Themen im Main-Kinzig-Kreis im Vordergrund. Pfeifer ist sehr<br \/>\ndaran gelegen, neben einem guten Draht zur Kreisspitze auch Kontakte in den<br \/>\nKreistag zu haben. \u201eInformiert zu sein und im Dialog zu Themen und Projekten zu<br \/>\nstehen, die den Main-Kinzig-Kreis und die Gemeinde Hasselroth betreffen, sind mir<br \/>\nsehr wichtig;, so Pfeifer.<br \/>\nBei den Freien W\u00e4hlern Main-Kinzig stie\u00df Pfeifer hier auf viel Gegenliebe. Die<br \/>\nKreistagsfraktion setzt sich seit Einzug in den Kreistag im Jahre 2001 f\u00fcr die Belange<br \/>\nder 29 Kommunen des Main-Kinzig-Kreises ein. Ihr Hauptaugenmerk richten sie<br \/>\ndabei insbesondere auf die St\u00e4rkung der kommunalen Haushalte und auf die<br \/>\nBelange der B\u00fcrger vor Ort. Dies bedeutet immer wieder, mit den verantwortlichen<br \/>\nLokalpolitikern vor Ort zu kommunizieren und zu schauen, wo zum Beispiel im<br \/>\nBereich der Rettungsdienste (FFW, THW, Rote Kreuz, Malteser u.a.), den Kultur-<br \/>\nund Sportvereinen, den Kitas und Schulen, Frei- und Hallenb\u00e4dern, Kreisstra\u00dfen und\u00a0 \u00a0 \u00a0 \u00a0 \u00a0 \u00a0 \u00a0 \u00a0 \u00a0 \u00a0 \u00a0 \u00a0 \u00a0 \u00a0 \u00a0 \u00a0 \u00a0 \u00a0 \u00a0 \u00a0 \u00a0 \u00a0 \u00a0 \u00a0 \u00a0 \u00a0 \u00a0 \u00a0 \u00a0 Radwegen und vieles mehr Projekte mit Hilfe des Kreises angeschoben und realisiert<br \/>\nwerden k\u00f6nnen.<br \/>\nWie wichtig die Kommunikation zwischen den Kommunalpolitikern aber insbesondere<br \/>\nauch die N\u00e4he zu den B\u00fcrgern in den 29 Kommunen sei, habe sich gerade in Zeiten<br \/>\nvon Corona gezeigt. B\u00fcrgermeister Matthias Pfeifer f\u00fchrte hier gute Beispiele an. So<br \/>\nhabe Hasselroth als eine der wenigen Kommunen im Main-Kinzig-Kreis das Rathaus<br \/>\nauch w\u00e4hrend der Corona-Zeit &#8211; und zwar mit Terminvereinbarungen &#8211; f\u00fcr seine<br \/>\nEinwohner offengehalten. Mit entsprechenden Vorkehrungen sei die Verwaltung<br \/>\ngerade in dieser schweren Zeit f\u00fcr die B\u00fcrgerinnen und B\u00fcrger von Hasselroth und<br \/>\nf\u00fcr die Vereine sowie die Gewerbebetreibenden pers\u00f6nlich ansprechbar gewesen.<br \/>\nEbenfalls ein ganz wichtiges Instrument der Kommunikation machen Pfeifer und die<br \/>\nFreien W\u00e4hler in den sozialen Medien aus. Gerade in der Corona-Zeit, berichtet<br \/>\nPfeifer, haben wir als Gemeindeverwaltung \u00fcber Facebook und andere Medien,<br \/>\naber auch \u00fcber Printmedien und B\u00fcrgerinformationen, viele unserer B\u00fcrger, Vereine<br \/>\nund beispielsweise Gastst\u00e4tten, insbesondere \u00fcber st\u00e4ndige \u00c4nderungen der<br \/>\nCorona-Verordnungen auf dem Laufenden gehalten Der pers\u00f6nlichen Kontakt galt<br \/>\nund gilt es trotz widriger Umst\u00e4nde aufrecht zu erhalten! \u201eKommunikation,<br \/>\nInformation und eine transparent gelebte B\u00fcrgern\u00e4he sind hierbei sehr wichtig.\u201c<br \/>\nDies best\u00e4tigten die Freien W\u00e4hler dem Hasselrother Rathauschef. So habe der<br \/>\nLandkreis parallel zum Lockdown und der Schlie\u00dfung der Kreisverwaltung sofort f\u00fcr<br \/>\nBesucher ein B\u00fcrgertelefon eingerichtet. Dank der engagierten Mitarbeiter der<br \/>\nKreisverwaltung und in den Kommunen konnte dadurch vielen Menschen aus dem<br \/>\nKreis und in den Gemeinden bei ihren Anliegen unspektakul\u00e4r geholfen werden. Dies<br \/>\nsei gelebte B\u00fcrgern\u00e4he, so Carsten Kauck und Heinz Breitenbach.<br \/>\nMatthias Pfeifer regte die Fortf\u00fchrung des Informationsaustausches mit den Freien<br \/>\nW\u00e4hlern Main-Kinzig an und stellte den beiden Kreistagsabgeordneten zum<br \/>\nAbschluss noch das Stra\u00dfenbauprojekt Ortsumgehung Hasselroth Freigericht vor.<br \/>\nF\u00fcr Breitenbach und Kauck ist hier das Land Hessen gefordert, eine f\u00fcr die beiden<br \/>\nKommunen vertr\u00e4gliche L\u00f6sung, die von den B\u00fcrgerinnen und B\u00fcrgern mitgetragen<br \/>\nwird, zu pr\u00e4sentieren. Insgesamt war es ein sehr harmonischer Austausch zwischen<br \/>\nden beiden Kreistagsabgeordneten und B\u00fcrgermeister Matthias Pfeifer, der mit<br \/>\nSicherheit fortgesetzt werden wird.<br \/>\nFoto (von links): Carsten Kauck, Matthias Pfeifer und Heinz Breitenbach.<\/p>\n<p><img loading=\"lazy\" decoding=\"async\" class=\"alignnone wp-image-1278 size-medium\" src=\"https:\/\/www.buergerliste-linsengericht.de\/wp-content\/uploads\/2020\/08\/FW-MK-Bgm-Pfeifer-300x225.jpg\" alt=\"\" width=\"300\" height=\"225\" \/><\/p>\n","protected":false},"excerpt":{"rendered":"<p>Unter den beiden Stichworten \u201eKommunikation\u201c und \u201eB\u00fcrgern\u00e4he\u201c verlief das Sommertreffen der Kreistagsabgeordneten der Freien W\u00e4hler Main-Kinzig (FW), Heinz Breitenbach und Carsten Kauck, mit dem Hasselrother B\u00fcrgermeister Matthias Pfeifer (Soziale W\u00e4hlergemeinschaft) im Rathaus in Neuenha\u00dflau. Kurz nach seiner Wahl zum B\u00fcrgermeister hatten die Freien W\u00e4hler bereits Kontakt zu Pfeifer aufgenommen. F\u00fcr beide Seiten stand der rege [&hellip;]<\/p>\n","protected":false},"author":2,"featured_media":1278,"comment_status":"closed","ping_status":"closed","sticky":false,"template":"","format":"standard","meta":{"_et_pb_use_builder":"off","_et_pb_old_content":"In etwas mehr als sechs Monaten \u2013 am 14. M\u00e4rz 2021 - finden wieder\nKommunalwahlen in Hessen statt. Das hei\u00dft f\u00fcr die FW Main-Kinzig, es geht um die\nWahl des Kreistages und des Kreisausschusses, sowie der Fachaussch\u00fcsse. Aktuell\nstellen die Freien W\u00e4hler im Main-Kinzig-Kreis mit Heinz Breitenbach, Carsten Kauck\nund Herbert Bien drei Kreistagsabgeordnete.\n&amp;quot;Wir werben bei den B\u00fcrgerinnen und B\u00fcrgern des Landkreises f\u00fcr die Unterst\u00fctzung\nunserer Sachpolitik, um als \u00fcberparteiliche W\u00e4hlergemeinschaft eine wichtige Rolle\nim neuen Kreistag einzunehmen\u201c, so der Fraktionsvorsitzende Heinz Breitenbach.\n\u201eWir m\u00fcssen uns nicht verstecken&amp;quot;, so der stellvertretende Fraktionsvorsitzende\nCarsten Kauck. Wichtige Sachthemen wurden von unserer Fraktion in der aktuellen\nLegislaturperiode durch Antr\u00e4ge in den Kreistag eingebracht. Als Beispiele k\u00f6nnen\nwir hier das Radwegekonzept des Kreises und eingestellte Finanzmittel in H\u00f6he von\n500 TEUR f\u00fcr kommunale Hallen- und Freib\u00e4der benennen. Die Standortfestlegung\nf\u00fcr die Akademie f\u00fcr Gesundheit und Pflege wurde durch unsere Initiative ein St\u00fcck\ntransparenter.\n\u201eWir sehen uns weiterhin als verl\u00e4ngerter Arm der Kommunen im Kreistag des Main-\nKinzig-Kreises und werden uns weiterhin f\u00fcr moderate Hebes\u00e4tze bei der Kreis- und\nSchulumlage einsetzen\u201c, so Herbert Bien aus Jo\u00dfgrund.\n\u201eMit einem Social Media Seminar im Kultursaal des Spessart Forums in Bad Soden-\nSalm\u00fcnster haben wir eine \u201eKick-off\u201c Veranstaltung f\u00fcr den\nKommunalwahlkampfauftakt pr\u00e4sentiert\u201c, so die zuk\u00fcnftig f\u00fcr die sozialen Medien\nverantwortlichen FW Torsten Gast und Ruben Hundhausen.\nDie Vertreter der \u201ecity-map Agentur des Main-Kinzig-Kreises\u201c, Walter und Anna\nRodumer haben den Freien W\u00e4hlern Main-Kinzig und einer Reihe am Workshop\nteilnehmender Ortsgruppen die Welt der digitalen Medien, Facebook, Instagram,\nYoutube und Twitter erl\u00e4utert und n\u00e4hergebracht. Die Zielsetzung des \u201eWorkshops\u201c\nmit digitalen Medien potentielle W\u00e4hlerschichten anzusprechen und durch\ninteressante Botschaften zu gewinnen wurde anhand von Beispielen den\nTeilnehmern aufgezeigt.\n\u201eWir werden die Chancen, die uns die digitalen Medien bieten zuk\u00fcnftig st\u00e4rker\nnutzen, um die Wahlziele f\u00fcr 2021 auch zu erreichen\u201c, so der Fraktionsvorsitzende\nHeinz Breitenbach abschlie\u00dfend.\n\n<img class=\"alignnone wp-image-1274 size-medium\" src=\"https:\/\/www.buergerliste-linsengericht.de\/wp-content\/uploads\/2020\/08\/P1420893-Kopie-300x225.jpg\" alt=\"\" width=\"300\" height=\"225\" \/>","_et_gb_content_width":"","footnotes":""},"categories":[14],"tags":[],"class_list":["post-1273","post","type-post","status-publish","format-standard","has-post-thumbnail","hentry","category-presse-2020"],"_links":{"self":[{"href":"https:\/\/www.buergerliste-linsengericht.de\/index.php\/wp-json\/wp\/v2\/posts\/1273","targetHints":{"allow":["GET"]}}],"collection":[{"href":"https:\/\/www.buergerliste-linsengericht.de\/index.php\/wp-json\/wp\/v2\/posts"}],"about":[{"href":"https:\/\/www.buergerliste-linsengericht.de\/index.php\/wp-json\/wp\/v2\/types\/post"}],"author":[{"embeddable":true,"href":"https:\/\/www.buergerliste-linsengericht.de\/index.php\/wp-json\/wp\/v2\/users\/2"}],"replies":[{"embeddable":true,"href":"https:\/\/www.buergerliste-linsengericht.de\/index.php\/wp-json\/wp\/v2\/comments?post=1273"}],"version-history":[{"count":3,"href":"https:\/\/www.buergerliste-linsengericht.de\/index.php\/wp-json\/wp\/v2\/posts\/1273\/revisions"}],"predecessor-version":[{"id":1279,"href":"https:\/\/www.buergerliste-linsengericht.de\/index.php\/wp-json\/wp\/v2\/posts\/1273\/revisions\/1279"}],"wp:featuredmedia":[{"embeddable":true,"href":"https:\/\/www.buergerliste-linsengericht.de\/index.php\/wp-json\/wp\/v2\/media\/1278"}],"wp:attachment":[{"href":"https:\/\/www.buergerliste-linsengericht.de\/index.php\/wp-json\/wp\/v2\/media?parent=1273"}],"wp:term":[{"taxonomy":"category","embeddable":true,"href":"https:\/\/www.buergerliste-linsengericht.de\/index.php\/wp-json\/wp\/v2\/categories?post=1273"},{"taxonomy":"post_tag","embeddable":true,"href":"https:\/\/www.buergerliste-linsengericht.de\/index.php\/wp-json\/wp\/v2\/tags?post=1273"}],"curies":[{"name":"wp","href":"https:\/\/api.w.org\/{rel}","templated":true}]}}