{"id":1269,"date":"2020-08-13T22:48:59","date_gmt":"2020-08-13T20:48:59","guid":{"rendered":"https:\/\/www.buergerliste-linsengericht.de\/?p=1269"},"modified":"2020-08-13T22:49:01","modified_gmt":"2020-08-13T20:49:01","slug":"landesehrenbrief-an-klaus-balzer-bgl-fwg-linsengerichtfuer-vielfaeltige-ehrenamtliche-taetigkeiten-verliehen","status":"publish","type":"post","link":"https:\/\/www.buergerliste-linsengericht.de\/index.php\/2020\/08\/13\/landesehrenbrief-an-klaus-balzer-bgl-fwg-linsengerichtfuer-vielfaeltige-ehrenamtliche-taetigkeiten-verliehen\/","title":{"rendered":"Landesehrenbrief an Klaus Balzer (BGL\/FWG Linsengericht)<br>f\u00fcr vielf\u00e4ltige ehrenamtliche T\u00e4tigkeiten verliehen"},"content":{"rendered":"<p>Am 14. Juli 2020 zeichnete Landrat Thorsten Stolz mit Klaus Balzer einen langj\u00e4hrigen Linsengerichter<br \/>\nKommunalpolitiker mit dem Ehrenbrief des Landes Hessen aus. Vorgeschlagen wurde er von den<br \/>\nheimischen Freien W\u00e4hlern der B\u00fcrgerliste Linsengericht, der er schon seit \u00fcber zwei Jahrzehnten<br \/>\nangeh\u00f6rt und die er in verschiedensten Gemeindegremien seit 2001 ehrenamtlich vertritt, seit 2011<br \/>\nund bis heute beispielsweise als stellvertretender Ortsvorsteher seines Heimatortes L\u00fctzelhausen.<br \/>\nB\u00fcrgerlisten-Vorsitzender Heinz Breitenbach hatte den Antrag f\u00fcr den Landesehrenbrief detailliert<br \/>\nvorbereitet und daf\u00fcr Balzers T\u00e4tigkeiten auch in der evangelischen Kirche Linsengericht und dem<br \/>\nF\u00f6rderverein der Altenha\u00dflauer Martinskirche abgefragt: \u201eIch freue mich sehr, dass wir zusammen<br \/>\nmit diesen beiden Institutionen einen sehr fundierten Antrag an den Main-Kinzig-Kreis und das Land<br \/>\nHessen stellen konnten, der dann auch in Rekordzeit die Zustimmung aus der Landeshauptstadt<br \/>\nWiesbaden bekam\u201c, so Breitenbach, der zu dieser Ehrung trotz der aktuellen Lage immerhin rund 20<br \/>\nG\u00e4ste in der Zehntscheune begr\u00fc\u00dfen konnte.<br \/>\nNeben Klaus Balzers Ehefrau Anette und den drei S\u00f6hnen gratulierten hier auch<br \/>\nGemeindevertretervorsitzender Michael Bollmann, sowie vom Gemeindevorstand Erster<br \/>\nBeigeordneter Helmut Bluhm und die Beigeordneten Gisela Bohlender und Sebastian Dein. F\u00fcr den<br \/>\nF\u00f6rderverein Martinskirche \u00fcbernahmen dies Rainer Gerst, Ingrid und Hans-Erich Schmidt, sowie<br \/>\nPeter Lemp.<br \/>\nPfarrerin Gerda K\u00f6hler-Pencz und Pfarrer Hans Joachim Imhof vertraten die evangelische<br \/>\nKirchengemeinde, in der Klaus Balzer nach der Kirchenvorstandswahl im vergangenen Jahr das Amt<br \/>\ndes Vorsitzenden \u00fcbernahm, nachdem er dem Kirchenvorstand zuvor bereits 20 Jahre in<br \/>\nverschiedensten Funktionen, zumeist als stellvertretender Vorsitzender angeh\u00f6rte.<br \/>\nNach einer kurzen Begr\u00fc\u00dfung durch den Organisator Heinz Breitenbach nahm Landrat Thorsten Stolz<br \/>\ndie Verleihung des Landesehrenbriefes und einer entsprechenden Anstecknadel vor und merkte an,<br \/>\ndass er dies in letzter Zeit h\u00e4ufiger an Linsengerichter B\u00fcrgerinnen und B\u00fcrger tun durfte, die jeweils<br \/>\nin mehreren Vereinen langj\u00e4hrig an f\u00fchrender Stelle aktiv waren. Die Linsengerichter m\u00fcssten also<br \/>\noffenbar ein \u201eunglaublich engagiertes V\u00f6lkchen\u201c sein, was sich bei seiner Laudatio und einem<br \/>\nR\u00fcckblick auf Balzers lange T\u00e4tigkeitenliste best\u00e4tigte.<br \/>\nNeben den bereits genannten Ehren\u00e4mtern f\u00fchrt der 60-j\u00e4hrige Bankkaufmann n\u00e4mlich<br \/>\nbeispielsweise auch seit 2002 ununterbrochen die Kasse der B\u00fcrgerliste \/ Freie W\u00e4hlergemeinschaft<br \/>\nLinsengericht und war von 2001 bis 2006 Mitglied der Gemeindevertretung und zweier ihrer<br \/>\nAussch\u00fcsse. Seit dem Jahr 2009 ist er zudem Vorsitzender des F\u00f6rdervereins Martinskirche, dessen<br \/>\nbeachtliche Erfolge bei der aktuellen Sanierung des historischen Gotteshauses der Altenha\u00dflauer<br \/>\nPfarrer Hans Joachim Imhof in seiner Dankesrede hervorhob und lobte.<br \/>\nZu den Hobbys des Geehrten z\u00e4hlt au\u00dferdem das Motorradfahren mit Gleichgesinnten in der Gruppe<br \/>\n\u201eRootrunners\u201c und nat\u00fcrlich auch das Reisen zusammen Ehefrau Anette. Im Urlaub aber auch in<br \/>\nheimischen Regionen gehen die Balzers dabei h\u00e4ufig wandern und g\u00f6nnen sich danach gerne ein<br \/>\ngutes Glas Wein.<\/p>\n<p>Landrat Stolz und B\u00fcrgerlisten-Vorsitzender Breitenbach verliehen ihrer Hoffnung Ausdruck, dass<br \/>\nKlaus Balzer noch viele Jahre in verschiedenen Funktionen aktiv bleiben m\u00f6ge und weiterhin<br \/>\nVerantwortung f\u00fcr die Demokratie und die Gemeinschaft \u00fcbernehme.<br \/>\nBevor die Ehrung bei Apfelschorle und Wasser ausklang und er noch weitere Geschenke erhielt,<br \/>\nbedankte sich Klaus Balzer bei den Anwesenden und erl\u00e4uterte seine damaligen Beweggr\u00fcnde, sich<br \/>\nseit inzwischen \u00fcber 20 Jahren ehrenamtlich zu engagieren: \u201eIch lebe in einem Land, in dem es sicher<br \/>\nist, ich habe ein Dach \u00fcber dem Kopf, eine Familie und Freunde und einen weitgehend sicheren Job,<br \/>\nder liebe Gott hat es gut mit mir gemeint. Daher wollte ich auch etwas an die Gesellschaft<br \/>\nzur\u00fcckgeben. Ich hoffe sehr, dass das auch Motivation f\u00fcr andere Menschen ist, nicht nur von der<br \/>\nGesellschaft etwas einzufordern, sondern auch selbst aktiv die Arbeit von Vereinen, von<br \/>\nKirchengemeinden und der Kommunalpolitik mitzugestalten und immer wieder selbst zu<br \/>\nunterst\u00fctzen.\u201c Ein sch\u00f6nes Schlusswort, wie wir finden.<\/p>\n<p><img loading=\"lazy\" decoding=\"async\" class=\"alignnone wp-image-1270 size-medium\" src=\"https:\/\/www.buergerliste-linsengericht.de\/wp-content\/uploads\/2020\/08\/Verleihung-des-Ehrenbriefes-des-Landes-Hessen-an-Klaus-Balzer-Bild-1--300x200.jpg\" alt=\"\" width=\"300\" height=\"200\" \/><\/p>\n<p>&#8211; B i l d \u2013<\/p>\n<p>Von links: Helmut Bluhm, Anette Balzer, Klaus Balzer, Michael Bollmann, Thorsten Stolz u. Heinz<br \/>\nBreitenbach<\/p>\n","protected":false},"excerpt":{"rendered":"<p>Am 14. Juli 2020 zeichnete Landrat Thorsten Stolz mit Klaus Balzer einen langj\u00e4hrigen Linsengerichter Kommunalpolitiker mit dem Ehrenbrief des Landes Hessen aus. Vorgeschlagen wurde er von den heimischen Freien W\u00e4hlern der B\u00fcrgerliste Linsengericht, der er schon seit \u00fcber zwei Jahrzehnten angeh\u00f6rt und die er in verschiedensten Gemeindegremien seit 2001 ehrenamtlich vertritt, seit 2011 und bis [&hellip;]<\/p>\n","protected":false},"author":2,"featured_media":1270,"comment_status":"closed","ping_status":"closed","sticky":false,"template":"","format":"standard","meta":{"_et_pb_use_builder":"off","_et_pb_old_content":"<strong>Antrag der B\u00fcrgerliste\/FWG Linsengericht zum Nachtragshaushalt 2020<\/strong>\n\nDie Mandatstr\u00e4ger der B\u00fcrgerliste\/FWG Linsengericht haben f\u00fcr die Sitzung der Gemeindevertretung am 12. Februar in der die 1. Nachtragshaushaltssatzung mit Haushaltsplan f\u00fcr das Jahr 2020 beraten wird einen Antrag zur Entscheidung formuliert, der den Pavillon Geislitz (Hasenheim) betrifft. Die Vertreter der Freien W\u00e4hler schlagen vor, f\u00fcr die Einrichtung einer dortigen Teek\u00fcche Finanzmittel in H\u00f6he von 20.000,-- EUR bereitzustellen.<!--more-->\n\u201eDas Geb\u00e4ude, das vor einigen Jahren auf Initiative der B\u00fcrgerliste saniert wurde, ist zu einem Mittelpunkt des d\u00f6rflichen Lebens geworden und bietet nicht nur dem Kaninchenzuchtverein eine Heimst\u00e4tte. Daneben wird der Pavillon auch weiterhin f\u00fcr Aktivit\u00e4ten des Geislitzer Kindergartens genutzt. F\u00fcr die Fr\u00fchjahrs-, Sommer- und Herbstfeste, sowie den Martinsumzug sind die R\u00e4umlichkeiten wichtig, um die zahlreichen Besucher unterzubringen\u201c, f\u00fchrt Horst Viehmann, Mitglied im Ortsbeirat Geislitz, an.\nAuch die Geislitzer Landfrauen feiern ihr Weinfest und ihre Kaffeenachmittage in und um den Pavillon herum und geh\u00f6ren zum Nutzerkreis des Geb\u00e4udes. Aber auch die VdK Ortsgruppe Geislitz ist Stammgast im Vereinsheim des Kaninchenzuchtvereins, ebenso die Mitglieder der evangelischen Kirche in Geislitz im Rahmen ihrer Seniorenarbeit.\n\u201eMit der Einrichtung einer Teek\u00fcche im Pavillon w\u00fcrden die R\u00e4umlichkeiten eine Aufwertung erfahren und sich einige Verbesserungen bei der Nutzung des Geb\u00e4udes ergeben. F\u00fcr die Geislitzer Vereine und auch alle privaten Nutzer, die das Hasenheim nutzen, w\u00e4ren somit einige Erleichterungen bei der Durchf\u00fchrung der verschiedensten Veranstaltungen gegeben\u201c, erl\u00e4uterte der Geislitzer Gemeindevertreter Dirk Seybold.\n\u201eMit der Erg\u00e4nzung der Einrichtung einer Teek\u00fcche w\u00fcrde ein letzter wichtiger Schritt beim Ausbau des Geb\u00e4udes get\u00e4tigt und der Standard erheblich verbessert, sodass wir auf Zustimmung der anderen Fraktionen zu unserem Antrag hoffen\u201c, so B\u00fcrgerlisten-Fraktionsvorsitzender Heinz Breitenbach abschlie\u00dfend.\n\n<img class=\"alignnone wp-image-1117 size-full\" src=\"https:\/\/www.buergerliste-linsengericht.de\/wp-content\/uploads\/2020\/02\/Pavillon-Geislitz-Hasenheim-2-09.02.2020.jpg\" alt=\"\" width=\"800\" height=\"600\">\nVon links: Horst Viehmann, Elfriede Braun, Heinz Breitenbach, Dirk Seybold u.\nWilfried Straub","_et_gb_content_width":"","footnotes":""},"categories":[14],"tags":[],"class_list":["post-1269","post","type-post","status-publish","format-standard","has-post-thumbnail","hentry","category-presse-2020"],"_links":{"self":[{"href":"https:\/\/www.buergerliste-linsengericht.de\/index.php\/wp-json\/wp\/v2\/posts\/1269","targetHints":{"allow":["GET"]}}],"collection":[{"href":"https:\/\/www.buergerliste-linsengericht.de\/index.php\/wp-json\/wp\/v2\/posts"}],"about":[{"href":"https:\/\/www.buergerliste-linsengericht.de\/index.php\/wp-json\/wp\/v2\/types\/post"}],"author":[{"embeddable":true,"href":"https:\/\/www.buergerliste-linsengericht.de\/index.php\/wp-json\/wp\/v2\/users\/2"}],"replies":[{"embeddable":true,"href":"https:\/\/www.buergerliste-linsengericht.de\/index.php\/wp-json\/wp\/v2\/comments?post=1269"}],"version-history":[{"count":2,"href":"https:\/\/www.buergerliste-linsengericht.de\/index.php\/wp-json\/wp\/v2\/posts\/1269\/revisions"}],"predecessor-version":[{"id":1272,"href":"https:\/\/www.buergerliste-linsengericht.de\/index.php\/wp-json\/wp\/v2\/posts\/1269\/revisions\/1272"}],"wp:featuredmedia":[{"embeddable":true,"href":"https:\/\/www.buergerliste-linsengericht.de\/index.php\/wp-json\/wp\/v2\/media\/1270"}],"wp:attachment":[{"href":"https:\/\/www.buergerliste-linsengericht.de\/index.php\/wp-json\/wp\/v2\/media?parent=1269"}],"wp:term":[{"taxonomy":"category","embeddable":true,"href":"https:\/\/www.buergerliste-linsengericht.de\/index.php\/wp-json\/wp\/v2\/categories?post=1269"},{"taxonomy":"post_tag","embeddable":true,"href":"https:\/\/www.buergerliste-linsengericht.de\/index.php\/wp-json\/wp\/v2\/tags?post=1269"}],"curies":[{"name":"wp","href":"https:\/\/api.w.org\/{rel}","templated":true}]}}