{"id":1240,"date":"2020-06-14T22:27:04","date_gmt":"2020-06-14T20:27:04","guid":{"rendered":"https:\/\/www.buergerliste-linsengericht.de\/?p=1240"},"modified":"2020-06-14T22:27:06","modified_gmt":"2020-06-14T20:27:06","slug":"naturnahe-urnengraeber-sprich-baumgraeber-gut-angenommen-positives-fazit-der-buergerliste-fwg-linsengericht","status":"publish","type":"post","link":"https:\/\/www.buergerliste-linsengericht.de\/index.php\/2020\/06\/14\/naturnahe-urnengraeber-sprich-baumgraeber-gut-angenommen-positives-fazit-der-buergerliste-fwg-linsengericht\/","title":{"rendered":"Naturnahe Urnengr\u00e4ber sprich Baumgr\u00e4ber gut angenommen &#8211; positives Fazit der B\u00fcrgerliste \/ FWG Linsengericht"},"content":{"rendered":"<p>\u201eWir freuen uns sehr, dass die \u201enaturnahen Urnengrabst\u00e4tten\u201c, wie es im<br \/>\nBeh\u00f6rdendeutsch hei\u00dft, nach Inkrafttreten der neuen Friedhofs- und<br \/>\nBestattungsordnung durch die Linsengerichter B\u00fcrgerinnen und B\u00fcrger bereits gut<br \/>\nangenommen werden\u201c, so BGL\/FWG-Gemeindevorstandsmitglied Sebastian Dein in<br \/>\neinem ersten Fazit.<br \/>\n\u201eDie Einrichtung dieser umgangssprachlich Baumgr\u00e4ber genannten Urnengr\u00e4ber<br \/>\ngeht letztlich auf einen gemeinsamen Antrag der Freien W\u00e4hler von der B\u00fcrgerliste<br \/>\nund der CDU Linsengericht in der Gemeindevertretung im Herbst 2016 zur\u00fcck und<br \/>\nwurde inzwischen auf allen Linsengerichter Friedh\u00f6fen etabliert\u201c, erg\u00e4nzt B\u00fcrgerliste-<br \/>\nVorsitzender Heinz Breitenbach.<br \/>\n\u201eDie neue Bestattungsart \u00fcberzeugt dadurch, dass sie relativ kosteng\u00fcnstig f\u00fcr die<br \/>\nAngeh\u00f6rigen ist und dennoch eine w\u00fcrdige Bestattung um einen Baum, Strauch<br \/>\noder eine Stele herum erm\u00f6glicht. Die Grabstelle wird dann durch ein in den Boden<br \/>\neingelassenes Grabmal kenntlich gemacht, auf dem Name, sowie Geburts- und<br \/>\nSterbejahr des Verstorbenen eingraviert werden. Das Ablegen von Grabschmuck ist<br \/>\ndabei direkt am Grabmal nicht gestattet, aber daf\u00fcr an besonders ausgewiesenen<br \/>\nStellen in der N\u00e4he m\u00f6glich\u201c, erl\u00e4utert Gemeindevertreter Ruben Hundhausen weiter.<br \/>\nInsgesamt kauften bereits 10 Trauerfamilien eine solche neue pflegearme Grabst\u00e4tte<br \/>\nals Einzel- beziehungsweise Doppelgr\u00e4ber f\u00fcr ihre Hinterbliebenen, wie eine Anfrage<br \/>\nihres Gemeindevorstandskollegen Sebastian Dein an die Friedhofsverwaltung im<br \/>\nRathaus ergab. \u201eDas zeigt uns, dass der Bedarf an solchen neuen<br \/>\nBestattungsformen durchaus vorhanden war und ist und diese sicherlich auch in<br \/>\nZukunft gut angenommen werden\u201c, so die B\u00fcrgerlisten-Vertreter abschlie\u00dfend.<\/p>\n<p>&#8211; Neuer Friedhof Altenhasslau<\/p>\n<p><img loading=\"lazy\" decoding=\"async\" class=\"alignnone wp-image-1241 size-medium\" src=\"https:\/\/www.buergerliste-linsengericht.de\/wp-content\/uploads\/2020\/06\/Baumgr\u00e4ber-Neuer-Friedhof-Altenhasslau-12.06.-7--300x225.jpg\" alt=\"\" width=\"300\" height=\"225\" srcset=\"https:\/\/www.buergerliste-linsengericht.de\/wp-content\/uploads\/2020\/06\/Baumgr\u00e4ber-Neuer-Friedhof-Altenhasslau-12.06.-7--300x225.jpg 300w, https:\/\/www.buergerliste-linsengericht.de\/wp-content\/uploads\/2020\/06\/Baumgr\u00e4ber-Neuer-Friedhof-Altenhasslau-12.06.-7--1024x768.jpg 1024w, https:\/\/www.buergerliste-linsengericht.de\/wp-content\/uploads\/2020\/06\/Baumgr\u00e4ber-Neuer-Friedhof-Altenhasslau-12.06.-7--768x576.jpg 768w, https:\/\/www.buergerliste-linsengericht.de\/wp-content\/uploads\/2020\/06\/Baumgr\u00e4ber-Neuer-Friedhof-Altenhasslau-12.06.-7--1536x1152.jpg 1536w, https:\/\/www.buergerliste-linsengericht.de\/wp-content\/uploads\/2020\/06\/Baumgr\u00e4ber-Neuer-Friedhof-Altenhasslau-12.06.-7--2048x1536.jpg 2048w, https:\/\/www.buergerliste-linsengericht.de\/wp-content\/uploads\/2020\/06\/Baumgr\u00e4ber-Neuer-Friedhof-Altenhasslau-12.06.-7--510x382.jpg 510w, https:\/\/www.buergerliste-linsengericht.de\/wp-content\/uploads\/2020\/06\/Baumgr\u00e4ber-Neuer-Friedhof-Altenhasslau-12.06.-7--1080x810.jpg 1080w, https:\/\/www.buergerliste-linsengericht.de\/wp-content\/uploads\/2020\/06\/Baumgr\u00e4ber-Neuer-Friedhof-Altenhasslau-12.06.-7--1280x960.jpg 1280w, https:\/\/www.buergerliste-linsengericht.de\/wp-content\/uploads\/2020\/06\/Baumgr\u00e4ber-Neuer-Friedhof-Altenhasslau-12.06.-7--980x735.jpg 980w, https:\/\/www.buergerliste-linsengericht.de\/wp-content\/uploads\/2020\/06\/Baumgr\u00e4ber-Neuer-Friedhof-Altenhasslau-12.06.-7--480x360.jpg 480w\" sizes=\"(max-width: 300px) 100vw, 300px\" \/><\/p>\n<p>-Bild-<br \/>\nVon links: Sebastian Dein, Prof. Dr. Matthias Rohde, Heinz Breitenbach, Hans-Gerd<br \/>\nAdler und Ruben Hundhausen<\/p>\n","protected":false},"excerpt":{"rendered":"<p>\u201eWir freuen uns sehr, dass die \u201enaturnahen Urnengrabst\u00e4tten\u201c, wie es im Beh\u00f6rdendeutsch hei\u00dft, nach Inkrafttreten der neuen Friedhofs- und Bestattungsordnung durch die Linsengerichter B\u00fcrgerinnen und B\u00fcrger bereits gut angenommen werden\u201c, so BGL\/FWG-Gemeindevorstandsmitglied Sebastian Dein in einem ersten Fazit. \u201eDie Einrichtung dieser umgangssprachlich Baumgr\u00e4ber genannten Urnengr\u00e4ber geht letztlich auf einen gemeinsamen Antrag der Freien W\u00e4hler von [&hellip;]<\/p>\n","protected":false},"author":2,"featured_media":1241,"comment_status":"closed","ping_status":"closed","sticky":false,"template":"","format":"standard","meta":{"_et_pb_use_builder":"off","_et_pb_old_content":"<strong>Antrag der B\u00fcrgerliste\/FWG Linsengericht zum Nachtragshaushalt 2020<\/strong>\n\nDie Mandatstr\u00e4ger der B\u00fcrgerliste\/FWG Linsengericht haben f\u00fcr die Sitzung der Gemeindevertretung am 12. Februar in der die 1. Nachtragshaushaltssatzung mit Haushaltsplan f\u00fcr das Jahr 2020 beraten wird einen Antrag zur Entscheidung formuliert, der den Pavillon Geislitz (Hasenheim) betrifft. Die Vertreter der Freien W\u00e4hler schlagen vor, f\u00fcr die Einrichtung einer dortigen Teek\u00fcche Finanzmittel in H\u00f6he von 20.000,-- EUR bereitzustellen.<!--more-->\n\u201eDas Geb\u00e4ude, das vor einigen Jahren auf Initiative der B\u00fcrgerliste saniert wurde, ist zu einem Mittelpunkt des d\u00f6rflichen Lebens geworden und bietet nicht nur dem Kaninchenzuchtverein eine Heimst\u00e4tte. Daneben wird der Pavillon auch weiterhin f\u00fcr Aktivit\u00e4ten des Geislitzer Kindergartens genutzt. F\u00fcr die Fr\u00fchjahrs-, Sommer- und Herbstfeste, sowie den Martinsumzug sind die R\u00e4umlichkeiten wichtig, um die zahlreichen Besucher unterzubringen\u201c, f\u00fchrt Horst Viehmann, Mitglied im Ortsbeirat Geislitz, an.\nAuch die Geislitzer Landfrauen feiern ihr Weinfest und ihre Kaffeenachmittage in und um den Pavillon herum und geh\u00f6ren zum Nutzerkreis des Geb\u00e4udes. Aber auch die VdK Ortsgruppe Geislitz ist Stammgast im Vereinsheim des Kaninchenzuchtvereins, ebenso die Mitglieder der evangelischen Kirche in Geislitz im Rahmen ihrer Seniorenarbeit.\n\u201eMit der Einrichtung einer Teek\u00fcche im Pavillon w\u00fcrden die R\u00e4umlichkeiten eine Aufwertung erfahren und sich einige Verbesserungen bei der Nutzung des Geb\u00e4udes ergeben. F\u00fcr die Geislitzer Vereine und auch alle privaten Nutzer, die das Hasenheim nutzen, w\u00e4ren somit einige Erleichterungen bei der Durchf\u00fchrung der verschiedensten Veranstaltungen gegeben\u201c, erl\u00e4uterte der Geislitzer Gemeindevertreter Dirk Seybold.\n\u201eMit der Erg\u00e4nzung der Einrichtung einer Teek\u00fcche w\u00fcrde ein letzter wichtiger Schritt beim Ausbau des Geb\u00e4udes get\u00e4tigt und der Standard erheblich verbessert, sodass wir auf Zustimmung der anderen Fraktionen zu unserem Antrag hoffen\u201c, so B\u00fcrgerlisten-Fraktionsvorsitzender Heinz Breitenbach abschlie\u00dfend.\n\n<img class=\"alignnone wp-image-1117 size-full\" src=\"https:\/\/www.buergerliste-linsengericht.de\/wp-content\/uploads\/2020\/02\/Pavillon-Geislitz-Hasenheim-2-09.02.2020.jpg\" alt=\"\" width=\"800\" height=\"600\">\nVon links: Horst Viehmann, Elfriede Braun, Heinz Breitenbach, Dirk Seybold u.\nWilfried Straub","_et_gb_content_width":"","footnotes":""},"categories":[14],"tags":[],"class_list":["post-1240","post","type-post","status-publish","format-standard","has-post-thumbnail","hentry","category-presse-2020"],"_links":{"self":[{"href":"https:\/\/www.buergerliste-linsengericht.de\/index.php\/wp-json\/wp\/v2\/posts\/1240","targetHints":{"allow":["GET"]}}],"collection":[{"href":"https:\/\/www.buergerliste-linsengericht.de\/index.php\/wp-json\/wp\/v2\/posts"}],"about":[{"href":"https:\/\/www.buergerliste-linsengericht.de\/index.php\/wp-json\/wp\/v2\/types\/post"}],"author":[{"embeddable":true,"href":"https:\/\/www.buergerliste-linsengericht.de\/index.php\/wp-json\/wp\/v2\/users\/2"}],"replies":[{"embeddable":true,"href":"https:\/\/www.buergerliste-linsengericht.de\/index.php\/wp-json\/wp\/v2\/comments?post=1240"}],"version-history":[{"count":1,"href":"https:\/\/www.buergerliste-linsengericht.de\/index.php\/wp-json\/wp\/v2\/posts\/1240\/revisions"}],"predecessor-version":[{"id":1242,"href":"https:\/\/www.buergerliste-linsengericht.de\/index.php\/wp-json\/wp\/v2\/posts\/1240\/revisions\/1242"}],"wp:featuredmedia":[{"embeddable":true,"href":"https:\/\/www.buergerliste-linsengericht.de\/index.php\/wp-json\/wp\/v2\/media\/1241"}],"wp:attachment":[{"href":"https:\/\/www.buergerliste-linsengericht.de\/index.php\/wp-json\/wp\/v2\/media?parent=1240"}],"wp:term":[{"taxonomy":"category","embeddable":true,"href":"https:\/\/www.buergerliste-linsengericht.de\/index.php\/wp-json\/wp\/v2\/categories?post=1240"},{"taxonomy":"post_tag","embeddable":true,"href":"https:\/\/www.buergerliste-linsengericht.de\/index.php\/wp-json\/wp\/v2\/tags?post=1240"}],"curies":[{"name":"wp","href":"https:\/\/api.w.org\/{rel}","templated":true}]}}