{"id":1235,"date":"2020-05-23T19:07:58","date_gmt":"2020-05-23T17:07:58","guid":{"rendered":"https:\/\/www.buergerliste-linsengericht.de\/?p=1235"},"modified":"2020-05-23T19:07:59","modified_gmt":"2020-05-23T17:07:59","slug":"ewald-gross-feierte-85-geburtstag","status":"publish","type":"post","link":"https:\/\/www.buergerliste-linsengericht.de\/index.php\/2020\/05\/23\/ewald-gross-feierte-85-geburtstag\/","title":{"rendered":"Ewald Gro\u00df feierte 85. Geburtstag"},"content":{"rendered":"<p>Am 17. Mai 2020 feierte Ewald Gro\u00df im Vorderdorf 11 in Linsengericht-<br \/>\nGro\u00dfenhausen seinen 85. Geburtstag. Aus diesem Anlass gratulierte der<br \/>\n1. Vorsitzende der B\u00fcrgerliste\/FWG Linsengericht, Heinz Breitenbach, dem Jubilar in<br \/>\nschriftlicher Form recht herzlich. Als Geschenk \u00fcbermittelte er die neueste Ausgabe<br \/>\nder Linsengerichter Geschichtsbl\u00e4tter.<br \/>\nEwald Gro\u00df geh\u00f6rt der B\u00fcrgerliste\/FWG Linsengericht seit 1970 an. Viele Jahre war<br \/>\ner regelm\u00e4\u00dfiger Besucher der Sitzungen des Ortsbeirates Gro\u00dfenhausen und<br \/>\ninformierte den Ortsvorsteher \u00fcber unerledigte Projekte in Feld und Flur.<br \/>\nNeben der Kommunalpolitik geh\u00f6rte der Radfahrverein \u201eTeutonia\u201c zu den wichtigen<br \/>\nNebenbesch\u00e4ftigungen im Leben von Ewald Gro\u00df. Ewald Gro\u00df in Ober-Seemen im<br \/>\nVogelsberg geboren, lebt inzwischen seit 62 Jahren in Gro\u00dfenhausen und geh\u00f6rt mit<br \/>\nseinem Traktor mit Anh\u00e4nger, dem Ewald-Express, zu den ortsbekannten<br \/>\nPers\u00f6nlichkeiten. Sein Berufsleben verbrachte er beim Hanauer Reifenhersteller<br \/>\nDUNLOP, daneben galt seine besondere Liebe der Landwirtschaft.<br \/>\nAuch die FFW Gro\u00dfenhausen und den FSV Gro\u00dfenhausen unterst\u00fctzt Ewald Gro\u00df<br \/>\nals passives Mitglied seit vielen Jahren. In der Arbeitsgemeinschaft der<br \/>\nGro\u00dfenh\u00e4user Ortsvereine fungierte er viele Jahre als Kassierer.<\/p>\n<p><img loading=\"lazy\" decoding=\"async\" class=\"alignnone wp-image-1236 size-medium\" src=\"https:\/\/www.buergerliste-linsengericht.de\/wp-content\/uploads\/2020\/05\/Ewald-Express-unterweg-im-Sandweg-beim-Dollen-Dorf-in-Gro\u00dfenhausen-2016--300x225.jpg\" alt=\"\" width=\"300\" height=\"225\" srcset=\"https:\/\/www.buergerliste-linsengericht.de\/wp-content\/uploads\/2020\/05\/Ewald-Express-unterweg-im-Sandweg-beim-Dollen-Dorf-in-Gro\u00dfenhausen-2016--300x225.jpg 300w, https:\/\/www.buergerliste-linsengericht.de\/wp-content\/uploads\/2020\/05\/Ewald-Express-unterweg-im-Sandweg-beim-Dollen-Dorf-in-Gro\u00dfenhausen-2016--1024x768.jpg 1024w, https:\/\/www.buergerliste-linsengericht.de\/wp-content\/uploads\/2020\/05\/Ewald-Express-unterweg-im-Sandweg-beim-Dollen-Dorf-in-Gro\u00dfenhausen-2016--768x576.jpg 768w, https:\/\/www.buergerliste-linsengericht.de\/wp-content\/uploads\/2020\/05\/Ewald-Express-unterweg-im-Sandweg-beim-Dollen-Dorf-in-Gro\u00dfenhausen-2016--1536x1152.jpg 1536w, https:\/\/www.buergerliste-linsengericht.de\/wp-content\/uploads\/2020\/05\/Ewald-Express-unterweg-im-Sandweg-beim-Dollen-Dorf-in-Gro\u00dfenhausen-2016--510x382.jpg 510w, https:\/\/www.buergerliste-linsengericht.de\/wp-content\/uploads\/2020\/05\/Ewald-Express-unterweg-im-Sandweg-beim-Dollen-Dorf-in-Gro\u00dfenhausen-2016--1080x810.jpg 1080w, https:\/\/www.buergerliste-linsengericht.de\/wp-content\/uploads\/2020\/05\/Ewald-Express-unterweg-im-Sandweg-beim-Dollen-Dorf-in-Gro\u00dfenhausen-2016--1280x960.jpg 1280w, https:\/\/www.buergerliste-linsengericht.de\/wp-content\/uploads\/2020\/05\/Ewald-Express-unterweg-im-Sandweg-beim-Dollen-Dorf-in-Gro\u00dfenhausen-2016--980x735.jpg 980w, https:\/\/www.buergerliste-linsengericht.de\/wp-content\/uploads\/2020\/05\/Ewald-Express-unterweg-im-Sandweg-beim-Dollen-Dorf-in-Gro\u00dfenhausen-2016--480x360.jpg 480w, https:\/\/www.buergerliste-linsengericht.de\/wp-content\/uploads\/2020\/05\/Ewald-Express-unterweg-im-Sandweg-beim-Dollen-Dorf-in-Gro\u00dfenhausen-2016-.jpg 1600w\" sizes=\"(max-width: 300px) 100vw, 300px\" \/><\/p>\n<p>-Bild-<br \/>\nEwald-Express im Einsatz beim \u201eDollen Dorf\u201c 2016 in Gro\u00dfenhausen<\/p>\n","protected":false},"excerpt":{"rendered":"<p>Am 17. Mai 2020 feierte Ewald Gro\u00df im Vorderdorf 11 in Linsengericht- Gro\u00dfenhausen seinen 85. Geburtstag. Aus diesem Anlass gratulierte der 1. Vorsitzende der B\u00fcrgerliste\/FWG Linsengericht, Heinz Breitenbach, dem Jubilar in schriftlicher Form recht herzlich. Als Geschenk \u00fcbermittelte er die neueste Ausgabe der Linsengerichter Geschichtsbl\u00e4tter. Ewald Gro\u00df geh\u00f6rt der B\u00fcrgerliste\/FWG Linsengericht seit 1970 an. Viele [&hellip;]<\/p>\n","protected":false},"author":2,"featured_media":1236,"comment_status":"closed","ping_status":"closed","sticky":false,"template":"","format":"standard","meta":{"_et_pb_use_builder":"off","_et_pb_old_content":"<strong>Antrag der B\u00fcrgerliste\/FWG Linsengericht zum Nachtragshaushalt 2020<\/strong>\n\nDie Mandatstr\u00e4ger der B\u00fcrgerliste\/FWG Linsengericht haben f\u00fcr die Sitzung der Gemeindevertretung am 12. Februar in der die 1. Nachtragshaushaltssatzung mit Haushaltsplan f\u00fcr das Jahr 2020 beraten wird einen Antrag zur Entscheidung formuliert, der den Pavillon Geislitz (Hasenheim) betrifft. Die Vertreter der Freien W\u00e4hler schlagen vor, f\u00fcr die Einrichtung einer dortigen Teek\u00fcche Finanzmittel in H\u00f6he von 20.000,-- EUR bereitzustellen.<!--more-->\n\u201eDas Geb\u00e4ude, das vor einigen Jahren auf Initiative der B\u00fcrgerliste saniert wurde, ist zu einem Mittelpunkt des d\u00f6rflichen Lebens geworden und bietet nicht nur dem Kaninchenzuchtverein eine Heimst\u00e4tte. Daneben wird der Pavillon auch weiterhin f\u00fcr Aktivit\u00e4ten des Geislitzer Kindergartens genutzt. F\u00fcr die Fr\u00fchjahrs-, Sommer- und Herbstfeste, sowie den Martinsumzug sind die R\u00e4umlichkeiten wichtig, um die zahlreichen Besucher unterzubringen\u201c, f\u00fchrt Horst Viehmann, Mitglied im Ortsbeirat Geislitz, an.\nAuch die Geislitzer Landfrauen feiern ihr Weinfest und ihre Kaffeenachmittage in und um den Pavillon herum und geh\u00f6ren zum Nutzerkreis des Geb\u00e4udes. Aber auch die VdK Ortsgruppe Geislitz ist Stammgast im Vereinsheim des Kaninchenzuchtvereins, ebenso die Mitglieder der evangelischen Kirche in Geislitz im Rahmen ihrer Seniorenarbeit.\n\u201eMit der Einrichtung einer Teek\u00fcche im Pavillon w\u00fcrden die R\u00e4umlichkeiten eine Aufwertung erfahren und sich einige Verbesserungen bei der Nutzung des Geb\u00e4udes ergeben. F\u00fcr die Geislitzer Vereine und auch alle privaten Nutzer, die das Hasenheim nutzen, w\u00e4ren somit einige Erleichterungen bei der Durchf\u00fchrung der verschiedensten Veranstaltungen gegeben\u201c, erl\u00e4uterte der Geislitzer Gemeindevertreter Dirk Seybold.\n\u201eMit der Erg\u00e4nzung der Einrichtung einer Teek\u00fcche w\u00fcrde ein letzter wichtiger Schritt beim Ausbau des Geb\u00e4udes get\u00e4tigt und der Standard erheblich verbessert, sodass wir auf Zustimmung der anderen Fraktionen zu unserem Antrag hoffen\u201c, so B\u00fcrgerlisten-Fraktionsvorsitzender Heinz Breitenbach abschlie\u00dfend.\n\n<img class=\"alignnone wp-image-1117 size-full\" src=\"https:\/\/www.buergerliste-linsengericht.de\/wp-content\/uploads\/2020\/02\/Pavillon-Geislitz-Hasenheim-2-09.02.2020.jpg\" alt=\"\" width=\"800\" height=\"600\">\nVon links: Horst Viehmann, Elfriede Braun, Heinz Breitenbach, Dirk Seybold u.\nWilfried Straub","_et_gb_content_width":"","footnotes":""},"categories":[14],"tags":[],"class_list":["post-1235","post","type-post","status-publish","format-standard","has-post-thumbnail","hentry","category-presse-2020"],"_links":{"self":[{"href":"https:\/\/www.buergerliste-linsengericht.de\/index.php\/wp-json\/wp\/v2\/posts\/1235","targetHints":{"allow":["GET"]}}],"collection":[{"href":"https:\/\/www.buergerliste-linsengericht.de\/index.php\/wp-json\/wp\/v2\/posts"}],"about":[{"href":"https:\/\/www.buergerliste-linsengericht.de\/index.php\/wp-json\/wp\/v2\/types\/post"}],"author":[{"embeddable":true,"href":"https:\/\/www.buergerliste-linsengericht.de\/index.php\/wp-json\/wp\/v2\/users\/2"}],"replies":[{"embeddable":true,"href":"https:\/\/www.buergerliste-linsengericht.de\/index.php\/wp-json\/wp\/v2\/comments?post=1235"}],"version-history":[{"count":1,"href":"https:\/\/www.buergerliste-linsengericht.de\/index.php\/wp-json\/wp\/v2\/posts\/1235\/revisions"}],"predecessor-version":[{"id":1237,"href":"https:\/\/www.buergerliste-linsengericht.de\/index.php\/wp-json\/wp\/v2\/posts\/1235\/revisions\/1237"}],"wp:featuredmedia":[{"embeddable":true,"href":"https:\/\/www.buergerliste-linsengericht.de\/index.php\/wp-json\/wp\/v2\/media\/1236"}],"wp:attachment":[{"href":"https:\/\/www.buergerliste-linsengericht.de\/index.php\/wp-json\/wp\/v2\/media?parent=1235"}],"wp:term":[{"taxonomy":"category","embeddable":true,"href":"https:\/\/www.buergerliste-linsengericht.de\/index.php\/wp-json\/wp\/v2\/categories?post=1235"},{"taxonomy":"post_tag","embeddable":true,"href":"https:\/\/www.buergerliste-linsengericht.de\/index.php\/wp-json\/wp\/v2\/tags?post=1235"}],"curies":[{"name":"wp","href":"https:\/\/api.w.org\/{rel}","templated":true}]}}