{"id":1218,"date":"2020-03-08T11:48:54","date_gmt":"2020-03-08T10:48:54","guid":{"rendered":"https:\/\/www.buergerliste-linsengericht.de\/?p=1218"},"modified":"2020-03-08T12:00:12","modified_gmt":"2020-03-08T11:00:12","slug":"15-kommunalpolitischer-aschermittwoch-der-buergerliste-fwg-linsengericht-mit-heringsessen-im-hasenheim-in-geislitz","status":"publish","type":"post","link":"https:\/\/www.buergerliste-linsengericht.de\/index.php\/2020\/03\/08\/15-kommunalpolitischer-aschermittwoch-der-buergerliste-fwg-linsengericht-mit-heringsessen-im-hasenheim-in-geislitz\/","title":{"rendered":"15. Kommunalpolitischer Aschermittwoch der B\u00fcrgerliste\/FWG Linsengericht mit Heringsessen im Hasenheim in Geislitz"},"content":{"rendered":"<p>Der 15. kommunalpolitische Aschermittwoch der B\u00fcrgerliste\/FWG Linsengericht im Geislitzer Hasenheim bot den zahlreichen Teilnehmerinnen und Teilnehmern neben hervorragendem Essen nach der Faschingszeit vor allem viele Informationen zu aktuellen kommunalpolitischen Themen und nat\u00fcrlich auch Zeit f\u00fcr politische Diskussionen in geselliger Runde.<\/p>\n<p>BGL-FWG Vorsitzender Heinz Breitenbach begr\u00fc\u00dfte hierzu zun\u00e4chst alle gekommenen Mandatstr\u00e4ger, Mitglieder und Freunde der Linsengerichter B\u00fcrgerliste, darunter die Ortsvorsteherinnen Ingrid Schmidt (Altenha\u00dflau) und Brigitte Trageser (Gro\u00dfenhausen) und die Presse.<\/p>\n<p>F\u00fcr die gut angenommene Bewirtung mit Heringen, Pellkartoffeln aus dem Anbau von Gemeindevertreter Karlfred Seifert oder bunt garnierten Wurst- und K\u00e4seplatten mit Brot waren erneut Angelika Lehr und Margot Kr\u00fcger verantwortlich, sowie das Geislitzer Team um Dirk Seybold und Wilfried Straub, die sich dem Dank und Applaus der etwa 30 Anwesenden sicher waren. Doch zun\u00e4chst ging es politisch ans \u201eEingemachte\u201c:<\/p>\n<p>Heinz Breitenbach blickte in seiner Rede, die einmal mehr durch eine Bilderpr\u00e4sentation von Pressewart Sebastian Dein begleitet wurde, zun\u00e4chst auf den letztj\u00e4hrigen BGL-FWG Familientag in Eidenges\u00e4\u00df und die sehr informativen Ausfl\u00fcge zu den Firmen Kelviplast und Kreiswerke Main-Kinzig zur\u00fcck.<\/p>\n<p>Auch erinnerte er an die beiden von der B\u00fcrgerliste angeregten Landesehrenbriefverleihungen an Rudi Trageser und Karlfred Seifert, sowie den Besuch des Sch\u00fctzenvereines Edelwei\u00df Eidenges\u00e4\u00df anl\u00e4sslich der von der Gemeinde unterst\u00fctzten Teilsanierung des Sch\u00fctzenhauses.<\/p>\n<p>Den in anderen Gemeinden gef\u00fchrten Diskussionen \u00fcber eine Abschaffung der Ortsbeir\u00e4te erteilte er eine deutliche Absage und rief die Anwesenden im Hinblick auf die Kommunalwahl im M\u00e4rz 2021 zu noch mehr Engagement auf.<\/p>\n<p>Im Anschluss beleuchtete er den gemeindlichen Nachtragshaushalt 2020, der von der FWG \/ B\u00fcrgerliste und der CDU Linsengericht -wie auch seinerzeit schon der Doppelhaushalt 2019\/2020- in der Gemeindevertretung konsequenterweise abgelehnt wurde und dadurch bislang keine Mehrheit fand:<\/p>\n<p>\u201eErneut wurden unsere im Vorfeld immer wieder vorgetragenen Vorschl\u00e4ge wie zum Beispiel, den Bau der rund 5 Millionen Euro teuren neuen sechsz\u00fcgigen Kindertagesst\u00e4tte in Altenha\u00dflau in modularer Bauweise g\u00fcnstiger zu erstellen oder anstelle eines rund 3,5 Millionen Euro teuren Rathausanbaus das \u201eGrempsche Haus\u201c unter anderem aus Denkmalschutzf\u00f6rderprogrammen zu sanieren und damit f\u00fcr Teile der Gemeindeverwaltung nutzbar zu machen, abgelehnt. In anderen Kommunen ist das wie in der Presse mehrfach zu lesen war m\u00f6glich, im Linsengericht aber darf offenbar noch nicht einmal dar\u00fcber diskutiert werden! Wir freuen uns aber, dass nach 6 Jahren \u201eKampf\u201c der B\u00fcrgerliste nun immerhin Gelder f\u00fcr den Anbau eines Fahrstuhls an den Altenha\u00dflauer B\u00fcrgersaal eingestellt werden sollen\u201c, so der Fraktionsvorsitzende Breitenbach.<\/p>\n<p>Da auch der Vorschlag, die neue Kindertagesst\u00e4tte an der Brentanostra\u00dfe zu bauen, vor einigen Jahren von SPD und Gr\u00fcnen abgelehnt worden sei, seien bei diesem Projekt nun Mehrkosten durch die leichte Hanglage am St\u00fcckweg und die inzwischen deutlich gestiegenen allgemeinen Baukosten zu erwarten. Der Waldkindergarten in Eidenges\u00e4\u00df sei zwar auf einen Antrag der heimischen Freien W\u00e4hler zur\u00fcckzuf\u00fchren und werde gut angenommen, aber auch dieses Projekt sei im Linsengericht deutlich teurer realisiert worden, als in anderen St\u00e4dten und Gemeinden.<\/p>\n<p>Auch das Neubaugebiet \u201eIm Weisgrund\u201c in Geislitz werde f\u00fcr die Gemeinde nicht ideal laufen, da es aufgrund seiner Gr\u00f6\u00dfenordnung und Lage nun eines Regenr\u00fcckhaltebeckens bed\u00fcrfe und mit Verkehrsproblemen in den wenigen und schmalen Zufahrtsstra\u00dfen gerechnet werden m\u00fcsse, bef\u00fcrchtet die B\u00fcrgerliste, die hier seinerzeit eigentlich lediglich eine Arrondierung an der Ortsrandlage mit f\u00fcnf Baugrundst\u00fccken beantragt hatte.<\/p>\n<p>Ausdr\u00fccklich unterst\u00fctzt wird dagegen von der B\u00fcrgerliste die Ausweisung des Gewerbegebietes \u201eAm Weinberg\u201c in L\u00fctzelhausen an der Landesstra\u00dfe L 3202 nach Bernbach in der N\u00e4he des Gewerbeparkes Birkenhain.<\/p>\n<p>Die Diskussion um die Stra\u00dfenbeitr\u00e4ge wird in den gemeindlichen Gremien demn\u00e4chst weitergef\u00fchrt, nachdem das Land Hessen es jeder Kommune selbst \u00fcberlassen hatte, ob und mit welchem Modell die Kommune Stra\u00dfenbeitr\u00e4ge erhebt. Heinz Breitenbach schlug hierzu erneut das sogenannte \u201eRednitzhembacher Modell\u201c auch f\u00fcr Linsengericht vor.<\/p>\n<p>Weitere ortsteil\u00fcbergreifende Themen seiner Rede waren der Hochwasserschutz, die Situation in den beiden Betreuungsvereinen an der Geisberg- und Haselaschule, wo zumindest in Altenha\u00dflau von der neuen Schulleiterin der Weg f\u00fcr die Ganztagsschule geebnet wurde und das Hallenbad Gelnhausen, wo weitere Investitionen an Dach und Fassade anstanden, die die Gemeinde Linsengericht teilweise mitfinanzieren durfte.<\/p>\n<p>Auch blickte Heinz Breitenbach auf die Einf\u00fchrung neuer Bestattungsformen mit Urnengr\u00e4bern, die um einen Baum oder eine Stele herum platziert werden, f\u00fcr die sich die Freien W\u00e4hler seit einigen Jahren eingesetzt hatten. Zudem thematisierte er die Jugendherberge Geislitz, den auf Initiative der BGL verbesserten Spielplatz in L\u00fctzelhausen, das Sport- und Kulturheim Gro\u00dfenhausen und den Bedarf- und Entwicklungsplan aller Linsengerichter Feuerwehren.<\/p>\n<p>Im Rahmen seines Vortrages stellte der B\u00fcrgerlisten-Vorsitzende sodann noch die Pl\u00e4ne zur Umsiedlung der M\u00e4rkte Rewe und Aldi in Altenha\u00dflau auf Grundst\u00fccke \u201eVor der Au\u201c vor, wo in Richtung des \u201eJussowschen\u201c Tempels zudem noch ein weiteres Neubaugebiet geplant ist.<\/p>\n<p>In seiner Eigenschaft als Kreistagsabgeordneter berichtete er schlie\u00dflich noch \u00fcber das Rad- und Gehwegkonzept f\u00fcr den Main-Kinzig-Kreis und die diesj\u00e4hrigen Stra\u00dfenbauprojekte des Main-Kinzig-Kreises in Gro\u00dfenhausen und Geislitz.<\/p>\n<p>Abschlie\u00dfend dankte Heinz Breitenbach den Besuchern und Organisatoren des diesj\u00e4hrigen Heringsessens und lud zur Jahreshauptversammlung der B\u00fcrgerliste am 17. April sowie zum Familientag am 3. Oktober 2020 ein.<\/p>\n<p>BGL-FWG Pressedienst<\/p>\n<p><img loading=\"lazy\" decoding=\"async\" class=\"alignnone wp-image-1207 size-large\" src=\"https:\/\/www.buergerliste-linsengericht.de\/wp-content\/uploads\/2020\/03\/Blick-in-die-Runde-6-1-1024x768.jpg\" alt=\"\" width=\"1024\" height=\"768\" srcset=\"https:\/\/www.buergerliste-linsengericht.de\/wp-content\/uploads\/2020\/03\/Blick-in-die-Runde-6-1-980x735.jpg 980w, https:\/\/www.buergerliste-linsengericht.de\/wp-content\/uploads\/2020\/03\/Blick-in-die-Runde-6-1-480x360.jpg 480w\" sizes=\"(min-width: 0px) and (max-width: 480px) 480px, (min-width: 481px) and (max-width: 980px) 980px, (min-width: 981px) 1024px, 100vw\" \/><\/p>\n","protected":false},"excerpt":{"rendered":"<p>Der 15. kommunalpolitische Aschermittwoch der B\u00fcrgerliste\/FWG Linsengericht im Geislitzer Hasenheim bot den zahlreichen Teilnehmerinnen und Teilnehmern neben hervorragendem Essen nach der Faschingszeit vor allem viele Informationen zu aktuellen kommunalpolitischen Themen und nat\u00fcrlich auch Zeit f\u00fcr politische Diskussionen in geselliger Runde. BGL-FWG Vorsitzender Heinz Breitenbach begr\u00fc\u00dfte hierzu zun\u00e4chst alle gekommenen Mandatstr\u00e4ger, Mitglieder und Freunde der Linsengerichter [&hellip;]<\/p>\n","protected":false},"author":2,"featured_media":1207,"comment_status":"closed","ping_status":"closed","sticky":false,"template":"","format":"standard","meta":{"_et_pb_use_builder":"off","_et_pb_old_content":"<strong>Antrag der B\u00fcrgerliste\/FWG Linsengericht zum Nachtragshaushalt 2020<\/strong>\n\nDie Mandatstr\u00e4ger der B\u00fcrgerliste\/FWG Linsengericht haben f\u00fcr die Sitzung der Gemeindevertretung am 12. Februar in der die 1. Nachtragshaushaltssatzung mit Haushaltsplan f\u00fcr das Jahr 2020 beraten wird einen Antrag zur Entscheidung formuliert, der den Pavillon Geislitz (Hasenheim) betrifft. Die Vertreter der Freien W\u00e4hler schlagen vor, f\u00fcr die Einrichtung einer dortigen Teek\u00fcche Finanzmittel in H\u00f6he von 20.000,-- EUR bereitzustellen.<!--more-->\n\u201eDas Geb\u00e4ude, das vor einigen Jahren auf Initiative der B\u00fcrgerliste saniert wurde, ist zu einem Mittelpunkt des d\u00f6rflichen Lebens geworden und bietet nicht nur dem Kaninchenzuchtverein eine Heimst\u00e4tte. Daneben wird der Pavillon auch weiterhin f\u00fcr Aktivit\u00e4ten des Geislitzer Kindergartens genutzt. F\u00fcr die Fr\u00fchjahrs-, Sommer- und Herbstfeste, sowie den Martinsumzug sind die R\u00e4umlichkeiten wichtig, um die zahlreichen Besucher unterzubringen\u201c, f\u00fchrt Horst Viehmann, Mitglied im Ortsbeirat Geislitz, an.\nAuch die Geislitzer Landfrauen feiern ihr Weinfest und ihre Kaffeenachmittage in und um den Pavillon herum und geh\u00f6ren zum Nutzerkreis des Geb\u00e4udes. Aber auch die VdK Ortsgruppe Geislitz ist Stammgast im Vereinsheim des Kaninchenzuchtvereins, ebenso die Mitglieder der evangelischen Kirche in Geislitz im Rahmen ihrer Seniorenarbeit.\n\u201eMit der Einrichtung einer Teek\u00fcche im Pavillon w\u00fcrden die R\u00e4umlichkeiten eine Aufwertung erfahren und sich einige Verbesserungen bei der Nutzung des Geb\u00e4udes ergeben. F\u00fcr die Geislitzer Vereine und auch alle privaten Nutzer, die das Hasenheim nutzen, w\u00e4ren somit einige Erleichterungen bei der Durchf\u00fchrung der verschiedensten Veranstaltungen gegeben\u201c, erl\u00e4uterte der Geislitzer Gemeindevertreter Dirk Seybold.\n\u201eMit der Erg\u00e4nzung der Einrichtung einer Teek\u00fcche w\u00fcrde ein letzter wichtiger Schritt beim Ausbau des Geb\u00e4udes get\u00e4tigt und der Standard erheblich verbessert, sodass wir auf Zustimmung der anderen Fraktionen zu unserem Antrag hoffen\u201c, so B\u00fcrgerlisten-Fraktionsvorsitzender Heinz Breitenbach abschlie\u00dfend.\n\n<img class=\"alignnone wp-image-1117 size-full\" src=\"https:\/\/www.buergerliste-linsengericht.de\/wp-content\/uploads\/2020\/02\/Pavillon-Geislitz-Hasenheim-2-09.02.2020.jpg\" alt=\"\" width=\"800\" height=\"600\">\nVon links: Horst Viehmann, Elfriede Braun, Heinz Breitenbach, Dirk Seybold u.\nWilfried Straub","_et_gb_content_width":"","footnotes":""},"categories":[14],"tags":[],"class_list":["post-1218","post","type-post","status-publish","format-standard","has-post-thumbnail","hentry","category-presse-2020"],"_links":{"self":[{"href":"https:\/\/www.buergerliste-linsengericht.de\/index.php\/wp-json\/wp\/v2\/posts\/1218","targetHints":{"allow":["GET"]}}],"collection":[{"href":"https:\/\/www.buergerliste-linsengericht.de\/index.php\/wp-json\/wp\/v2\/posts"}],"about":[{"href":"https:\/\/www.buergerliste-linsengericht.de\/index.php\/wp-json\/wp\/v2\/types\/post"}],"author":[{"embeddable":true,"href":"https:\/\/www.buergerliste-linsengericht.de\/index.php\/wp-json\/wp\/v2\/users\/2"}],"replies":[{"embeddable":true,"href":"https:\/\/www.buergerliste-linsengericht.de\/index.php\/wp-json\/wp\/v2\/comments?post=1218"}],"version-history":[{"count":3,"href":"https:\/\/www.buergerliste-linsengericht.de\/index.php\/wp-json\/wp\/v2\/posts\/1218\/revisions"}],"predecessor-version":[{"id":1223,"href":"https:\/\/www.buergerliste-linsengericht.de\/index.php\/wp-json\/wp\/v2\/posts\/1218\/revisions\/1223"}],"wp:featuredmedia":[{"embeddable":true,"href":"https:\/\/www.buergerliste-linsengericht.de\/index.php\/wp-json\/wp\/v2\/media\/1207"}],"wp:attachment":[{"href":"https:\/\/www.buergerliste-linsengericht.de\/index.php\/wp-json\/wp\/v2\/media?parent=1218"}],"wp:term":[{"taxonomy":"category","embeddable":true,"href":"https:\/\/www.buergerliste-linsengericht.de\/index.php\/wp-json\/wp\/v2\/categories?post=1218"},{"taxonomy":"post_tag","embeddable":true,"href":"https:\/\/www.buergerliste-linsengericht.de\/index.php\/wp-json\/wp\/v2\/tags?post=1218"}],"curies":[{"name":"wp","href":"https:\/\/api.w.org\/{rel}","templated":true}]}}