{"id":1075,"date":"2020-01-27T15:21:54","date_gmt":"2020-01-27T14:21:54","guid":{"rendered":"http:\/\/physio.de.korti.me\/?p=1075"},"modified":"2020-02-10T15:34:39","modified_gmt":"2020-02-10T14:34:39","slug":"1075","status":"publish","type":"post","link":"https:\/\/www.buergerliste-linsengericht.de\/index.php\/2020\/01\/27\/1075\/","title":{"rendered":"Alter Friedhof Altenha\u00dflau:  B\u00fcrgerliste\/FWG Linsengericht dankt f\u00fcr die Herrichtung der Soldatengr\u00e4ber"},"content":{"rendered":"<p>26.1.2020<\/p>\n<p>Bis vor einigen Wochen befanden sich die Gr\u00e4ber einiger in der Endphase des 2. Weltkrieges am 31.03.1945 in Altenha\u00dflau gefallenen deutschen Soldaten in einem ungepflegten Zustand, sodass die Freie W\u00e4hlergemeinschaft im Ortsbeirat Altenha\u00dflau einen Antrag zu einer w\u00fcrdigen Wiederherrichtung stellte, der dann auch in der Sitzung Anfang Oktober 2019 einstimmig beschlossen wurde.<!--more--><br \/>\n\u201eZeitnah wurde nun eine einheitliche Grabeinfassung hergestellt, der doch sehr starke Bewuchs entfernt und durch einen Steingarten mit drei Pflanzschalen ersetzt\u201c, berichtet B\u00fcrgerlisten-Vorsitzender Heinz Breitenbach, der erg\u00e4nzte: \u201eWir hoffen, dass auch die der Witterung ausgesetzten Holzkreuze in K\u00fcrze noch \u00fcberarbeitet werden, damit die teilweise schon verblichenen Namen und Daten der Gefallenen an dieser Gedenkst\u00e4tte auch zuk\u00fcnftig erhalten bleiben.\u201c<br \/>\n\u201eWir freuen uns sehr und danken dem Bauhof der Gemeinde Linsengericht f\u00fcr die schnelle Umsetzung der bisherigen Arbeiten vor den Trauertagen im November und der Adventszeit im Dezember\u201c, so Ortsvorsteherin Ingrid Schmidt beim Ortstermin abschlie\u00dfend.<\/p>\n<p><img loading=\"lazy\" decoding=\"async\" class=\"alignnone wp-image-1076 size-full\" src=\"https:\/\/www.buergerliste-linsengericht.de\/wp-content\/uploads\/2020\/01\/200120-003-AHFriedhof-W800.jpg\" alt=\"\" width=\"800\" height=\"1066\" srcset=\"https:\/\/www.buergerliste-linsengericht.de\/wp-content\/uploads\/2020\/01\/200120-003-AHFriedhof-W800.jpg 800w, https:\/\/www.buergerliste-linsengericht.de\/wp-content\/uploads\/2020\/01\/200120-003-AHFriedhof-W800-480x640.jpg 480w\" sizes=\"(min-width: 0px) and (max-width: 480px) 480px, (min-width: 481px) 800px, 100vw\" \/><\/p>\n<p>Von links:\u00a0 Dieter H\u00fcsson, Ingrid Schmidt u. Heinz Breitenbach<\/p>\n","protected":false},"excerpt":{"rendered":"<p>26.1.2020 Bis vor einigen Wochen befanden sich die Gr\u00e4ber einiger in der Endphase des 2. Weltkrieges am 31.03.1945 in Altenha\u00dflau gefallenen deutschen Soldaten in einem ungepflegten Zustand, sodass die Freie W\u00e4hlergemeinschaft im Ortsbeirat Altenha\u00dflau einen Antrag zu einer w\u00fcrdigen Wiederherrichtung stellte, der dann auch in der Sitzung Anfang Oktober 2019 einstimmig beschlossen wurde.<\/p>\n","protected":false},"author":2,"featured_media":1076,"comment_status":"closed","ping_status":"closed","sticky":false,"template":"","format":"standard","meta":{"_et_pb_use_builder":"","_et_pb_old_content":"","_et_gb_content_width":"","footnotes":""},"categories":[14],"tags":[],"class_list":["post-1075","post","type-post","status-publish","format-standard","has-post-thumbnail","hentry","category-presse-2020"],"_links":{"self":[{"href":"https:\/\/www.buergerliste-linsengericht.de\/index.php\/wp-json\/wp\/v2\/posts\/1075","targetHints":{"allow":["GET"]}}],"collection":[{"href":"https:\/\/www.buergerliste-linsengericht.de\/index.php\/wp-json\/wp\/v2\/posts"}],"about":[{"href":"https:\/\/www.buergerliste-linsengericht.de\/index.php\/wp-json\/wp\/v2\/types\/post"}],"author":[{"embeddable":true,"href":"https:\/\/www.buergerliste-linsengericht.de\/index.php\/wp-json\/wp\/v2\/users\/2"}],"replies":[{"embeddable":true,"href":"https:\/\/www.buergerliste-linsengericht.de\/index.php\/wp-json\/wp\/v2\/comments?post=1075"}],"version-history":[{"count":3,"href":"https:\/\/www.buergerliste-linsengericht.de\/index.php\/wp-json\/wp\/v2\/posts\/1075\/revisions"}],"predecessor-version":[{"id":1121,"href":"https:\/\/www.buergerliste-linsengericht.de\/index.php\/wp-json\/wp\/v2\/posts\/1075\/revisions\/1121"}],"wp:featuredmedia":[{"embeddable":true,"href":"https:\/\/www.buergerliste-linsengericht.de\/index.php\/wp-json\/wp\/v2\/media\/1076"}],"wp:attachment":[{"href":"https:\/\/www.buergerliste-linsengericht.de\/index.php\/wp-json\/wp\/v2\/media?parent=1075"}],"wp:term":[{"taxonomy":"category","embeddable":true,"href":"https:\/\/www.buergerliste-linsengericht.de\/index.php\/wp-json\/wp\/v2\/categories?post=1075"},{"taxonomy":"post_tag","embeddable":true,"href":"https:\/\/www.buergerliste-linsengericht.de\/index.php\/wp-json\/wp\/v2\/tags?post=1075"}],"curies":[{"name":"wp","href":"https:\/\/api.w.org\/{rel}","templated":true}]}}